{"id":2824,"date":"2023-02-01T10:28:44","date_gmt":"2023-02-01T08:28:44","guid":{"rendered":"https:\/\/koltozzbe.hu\/tartalom\/?p=2824"},"modified":"2023-02-01T10:28:45","modified_gmt":"2023-02-01T08:28:45","slug":"meses-hegyvideki-ingatlanok","status":"publish","type":"post","link":"https:\/\/koltozzbe.hu\/tartalom\/meses-hegyvideki-ingatlanok\/","title":{"rendered":"Mes\u00e9s hegyvid\u00e9ki ingatlanok"},"content":{"rendered":"\n<p><strong>Haz\u00e1nk hegys\u00e9gei mes\u00e9s ingatlanokat rejtenek. Azoknak akik szeretik a dimbes dombos ter\u00fcleteket \u00e9s el tudj\u00e1k k\u00e9pzelni, hogy eg\u00e9sz \u00e9vben a term\u00e9szethez k\u00f6zeli k\u00f6rnyezetben \u00e9ljenek ide\u00e1lis megold\u00e1s egy hegyvid\u00e9ken elhelyezked\u0151 ingatlan. Nemcsak a t\u00e9li h\u00f3napokban esik j\u00f3l elvonulni \u00e9let\u00fcnk zaj\u00e1t\u00f3l valamelyik hegyvid\u00e9ki telep\u00fcl\u00e9s nyugalm\u00e1ba, hiszen eg\u00e9sz \u00e9vben tartogatnak meglepet\u00e9seket.<\/strong><\/p>\n\n\n\n<p><strong>A k\u00f6vetkez\u0151 \u00f6ssze\u00e1ll\u00edt\u00e1sunkban Magyarorsz\u00e1g legcsod\u00e1latosabb t\u00e1jain tal\u00e1lhat\u00f3 ingatlanokat v\u00e1logattuk egy csokorba. Ezek az ingatlanok mind alkalmasak ak\u00e1r v\u00e1llalkoz\u00e1sra is.<\/strong><\/p>\n\n\n\n<p><strong><span class=\"link-removed\" data-old-href=\"https:\/\/koltozzbe.hu\/elado-hotel-bukkszentkereszt\/h9409087\">Holl\u00f3stet\u0151i vend\u00e9gh\u00e1z<\/span><\/strong><\/p>\n\n\n\n<p>V\u00e1llalkozn\u00e1l? Ez a vend\u00e9gh\u00e1z maga a paradicsom lehet egy v\u00e1llalkoz\u00f3 szellem\u0171 tulajdonos sz\u00e1m\u00e1ra. Csod\u00e1s erdei k\u00f6rnyezetben helyezkedik el, ez a  B\u00fckkszentkereszthez tartoz\u00f3 Holl\u00f3stet\u0151n tal\u00e1lhat\u00f3 elad\u00f3 vend\u00e9gh\u00e1z. Az \u00e9p\u00fclet 1998-ban \u00e9p\u00fclt t\u00e9gl\u00e1b\u00f3l, szigetel\u00e9st, j\u00f3 min\u0151s\u00e9g\u0171 ny\u00edl\u00e1sz\u00e1r\u00f3kat kapott. F\u0171t\u00e9se k\u00f6bm\u00e9teres pb g\u00e1z tart\u00e1lyr\u00f3l ell\u00e1tott profi g\u00e1zkaz\u00e1nos h\u00e1zk\u00f6zponti f\u0171t\u00e9srendszerr\u0151l m\u0171k\u00f6dik, melyet 8 darab h\u0171t\u0151-f\u0171t\u0151 kl\u00edma seg\u00edt a kellemes h\u0151m\u00e9rs\u00e9klet el\u00e9r\u00e9s\u00e9hez. A panzi\u00f3 alagsori szintj\u00e9n hatalmas nappali v\u00e1rja az idel\u00e1togat\u00f3kat, cser\u00e9pkandall\u00f3val, hatalmas konyh\u00e1val, \u00e9tkez\u0151vel, j\u00e1t\u00e9kszob\u00e1val \u00e9s kertkapcsolattal. A hatalmas, erd\u0151s k\u00f6rnyezetben filag\u00f3ria, szalonnas\u00fct\u0151 teszi m\u00e9g kellemesebb\u00e9 az itt t\u00f6lt\u00f6tt\u00a0napokat.\u00a0<\/p>\n\n\n\n<div class=\"wp-block-image\"><figure class=\"aligncenter size-full\"><span class=\"link-removed\" data-old-href=\"https:\/\/koltozzbe.hu\/elado-hotel-bukkszentkereszt\/h9409087\"><img loading=\"lazy\" width=\"640\" height=\"480\" src=\"https:\/\/koltozzbe.hu\/tartalom\/wp-content\/uploads\/2022\/12\/bukkszentkereszt.jpg\" alt=\"\" class=\"wp-image-2825\" srcset=\"https:\/\/koltozzbe.hu\/tartalom\/wp-content\/uploads\/2022\/12\/bukkszentkereszt.jpg 640w, https:\/\/koltozzbe.hu\/tartalom\/wp-content\/uploads\/2022\/12\/bukkszentkereszt-300x225.jpg 300w\" sizes=\"(max-width: 640px) 100vw, 640px\" \/><\/span><\/figure><\/div>\n\n\n\n<p><strong><span class=\"link-removed\" data-old-href=\"https:\/\/koltozzbe.hu\/elado-uzlethelyiseg-bukkszek\/h9351479?fbclid=IwAR127L_rs0aJZgk7-MqRADTzkUrKZBR5L20Hd_oeeew6y2IXp_0VlzRJ6Jo\">B\u00fckksz\u00e9ken vend\u00e9gl\u00e1t\u00f3egys\u00e9g elad\u00f3<\/span><\/strong><\/p>\n\n\n\n<p>B\u00fckksz\u00e9ken a Salvus v\u00edz haz\u00e1j\u00e1ban, vend\u00e9gl\u00e1t\u00f3 egys\u00e9gk\u00e9nt m\u0171k\u00f6d\u0151 ingatlan, teljes felszerel\u00e9ssel, berendez\u00e9ssel \u00e9s enged\u00e9llyel elad\u00f3. A telep\u00fcl\u00e9s remek elhelyezked\u00e9ssel \u00e9s j\u00f3 infrastrukt\u00far\u00e1val rendelkezik. A 2010-ben \u00e9p\u00edtett ingatlan energetikai szempont szerint &#8220;A&#8221; kateg\u00f3ri\u00e1s szigetel\u00e9st kapott \u00e9s h\u0151szigetelt ny\u00edl\u00e1sz\u00e1r\u00f3kkal felszerelt.<\/p>\n\n\n\n<div class=\"wp-block-image\"><figure class=\"aligncenter size-full\"><span class=\"link-removed\" data-old-href=\"https:\/\/koltozzbe.hu\/elado-uzlethelyiseg-bukkszek\/h9351479?fbclid=IwAR127L_rs0aJZgk7-MqRADTzkUrKZBR5L20Hd_oeeew6y2IXp_0VlzRJ6Jo\"><img loading=\"lazy\" width=\"640\" height=\"288\" src=\"https:\/\/koltozzbe.hu\/tartalom\/wp-content\/uploads\/2023\/02\/bukkszek_ingatlan.jpg\" alt=\"\" class=\"wp-image-2833\" srcset=\"https:\/\/koltozzbe.hu\/tartalom\/wp-content\/uploads\/2023\/02\/bukkszek_ingatlan.jpg 640w, https:\/\/koltozzbe.hu\/tartalom\/wp-content\/uploads\/2023\/02\/bukkszek_ingatlan-300x135.jpg 300w\" sizes=\"(max-width: 640px) 100vw, 640px\" \/><\/span><\/figure><\/div>\n\n\n\n<p><strong><span class=\"link-removed\" data-old-href=\"https:\/\/koltozzbe.hu\/elado-nyaralo-novaj\/h9505273?fbclid=IwAR3raAGPHnYtsfzCpNBbiGRjFvlA9a3Hz7vw-ecc0NbDOEiO_GrNtfeDmUg\">Novajon nyaral\u00f3t k\u00edn\u00e1lnak<\/span><\/strong><\/p>\n\n\n\n<p>Erd\u0151 sz\u00e9l\u00e9n, falu v\u00e9g\u00e9n, a Novaj patak mellet 8800 n\u00e9gyzetm\u00e9teres, \u00f6sszk\u00f6zm\u0171ves, belter\u00fcleti, kiemelt turisztikai besorol\u00e1s\u00fa telek, abszol\u00fat z\u00f6ldberuh\u00e1z\u00e1s, mely ifj\u00fas\u00e1gi sz\u00e1ll\u00e1shelyk\u00e9nt m\u0171k\u00f6dik hossz\u00fa \u00e9vek \u00f3ta, bevezetett vend\u00e9gk\u00f6rrel. A telek teljesen k\u00f6rbeker\u00edtett,  3 db mongol t\u00edpus\u00fa nemezs\u00e1tor helyezkedik el rajta, egy 2008-ban \u00e9p\u00fclt 80 n\u00e9gyzetm\u00e9teres fah\u00e1z , ami k\u0151zetgyapot szigetel\u00e9ssel ell\u00e1tott. A tet\u0151t\u00e9r be\u00e9p\u00edthet\u0151, \u00e9s ak\u00e1r egy 50 n\u00e9gyzetm\u00e9teres lak\u00f3t\u00e9r is kialak\u00edthat\u00f3 benne. F\u00fart k\u00fat az ingatlanon bel\u00fcl ami bevizsg\u00e1lt, j\u00f3 min\u0151s\u00e9g\u0171 iv\u00f3 vizet ad, melyet WC \u00f6bl\u00edt\u00e9sre, mos\u00e1sra is haszn\u00e1lnak. Benapozotts\u00e1ga miatt napelem is elhelyezhet\u0151 a tet\u0151kre. Maga a nyugalom szigete.<\/p>\n\n\n\n<div class=\"wp-block-image\"><figure class=\"aligncenter size-full\"><span class=\"link-removed\" data-old-href=\"https:\/\/koltozzbe.hu\/elado-nyaralo-novaj\/h9505273?fbclid=IwAR3raAGPHnYtsfzCpNBbiGRjFvlA9a3Hz7vw-ecc0NbDOEiO_GrNtfeDmUg\"><img loading=\"lazy\" width=\"640\" height=\"480\" src=\"https:\/\/koltozzbe.hu\/tartalom\/wp-content\/uploads\/2023\/02\/novaj_ingatlan.jpg\" alt=\"\" class=\"wp-image-2834\" srcset=\"https:\/\/koltozzbe.hu\/tartalom\/wp-content\/uploads\/2023\/02\/novaj_ingatlan.jpg 640w, https:\/\/koltozzbe.hu\/tartalom\/wp-content\/uploads\/2023\/02\/novaj_ingatlan-300x225.jpg 300w\" sizes=\"(max-width: 640px) 100vw, 640px\" \/><\/span><\/figure><\/div>\n\n\n\n<p><strong><span class=\"link-removed\" data-old-href=\"https:\/\/koltozzbe.hu\/elado-csaladi_haz-paradsasvar\/h9441967?fbclid=IwAR2-w0o4gwavtASUfh0fp5IPHNbMoo0draIpg_5ik_x02Emwx64DsJNZTxk\">Par\u00e1dv\u00e1s\u00e1ron fel\u00faj\u00edtott villa<\/span><\/strong><\/p>\n\n\n\n<p>Par\u00e1dsasv\u00e1ron, az 1920-as \u00e9p\u00fclt, 5 \u00e9ve teljes k\u00f6r\u0171en fel\u00faj\u00edtott, 10 szob\u00e1s villa \u00e9p\u00fclet elad\u00f3. Jelenleg panzi\u00f3k\u00e9nt m\u0171k\u00f6dik, amit b\u00e9rl\u0151 \u00fczemeltet. A fel\u00faj\u00edt\u00e1s sor\u00e1n meger\u0151s\u00edtett\u00e9k az alapot, kicser\u00e9lt\u00e9k a ny\u00edl\u00e1sz\u00e1r\u00f3kat, moderniz\u00e1lt\u00e1k a f\u0171t\u00e9srendszert oly m\u00f3don, hogy egy faelg\u00e1zos\u00edt\u00f3 kaz\u00e1nt \u00e9p\u00edtettek be. A meleg v\u00edz ell\u00e1t\u00e1st napkollektor seg\u00edti. A 10 szob\u00e1ban 30 vend\u00e9g sz\u00e1ll\u00e1solhat\u00f3 el. A telek 4306 n\u00e9gyzetm\u00e9teres, az \u00e9p\u00fclet tov\u00e1bb b\u0151v\u00edthet\u0151, joger\u0151s enged\u00e9ly ehhez rendelkez\u00e9sre \u00e1ll. <\/p>\n\n\n\n<div class=\"wp-block-image\"><figure class=\"aligncenter size-full\"><span class=\"link-removed\" data-old-href=\"https:\/\/koltozzbe.hu\/elado-csaladi_haz-paradsasvar\/h9441967?fbclid=IwAR2-w0o4gwavtASUfh0fp5IPHNbMoo0draIpg_5ik_x02Emwx64DsJNZTxk\"><img loading=\"lazy\" width=\"640\" height=\"480\" src=\"https:\/\/koltozzbe.hu\/tartalom\/wp-content\/uploads\/2023\/02\/paradvasar_ingatlan.jpg\" alt=\"\" class=\"wp-image-2835\" srcset=\"https:\/\/koltozzbe.hu\/tartalom\/wp-content\/uploads\/2023\/02\/paradvasar_ingatlan.jpg 640w, https:\/\/koltozzbe.hu\/tartalom\/wp-content\/uploads\/2023\/02\/paradvasar_ingatlan-300x225.jpg 300w\" sizes=\"(max-width: 640px) 100vw, 640px\" \/><\/span><\/figure><\/div>\n","protected":false},"excerpt":{"rendered":"<p>Haz\u00e1nk hegys\u00e9gei mes\u00e9s ingatlanokat rejtenek. Azoknak akik szeretik a dimbes dombos ter\u00fcleteket \u00e9s el tudj\u00e1k k\u00e9pzelni, hogy eg\u00e9sz \u00e9vben a term\u00e9szethez k\u00f6zeli k\u00f6rnyezetben \u00e9ljenek ide\u00e1lis megold\u00e1s egy hegyvid\u00e9ken elhelyezked\u0151 ingatlan. Nemcsak a t\u00e9li h\u00f3napokban esik j\u00f3l elvonulni \u00e9let\u00fcnk zaj\u00e1t\u00f3l valamelyik hegyvid\u00e9ki telep\u00fcl\u00e9s nyugalm\u00e1ba, hiszen eg\u00e9sz \u00e9vben tartogatnak meglepet\u00e9seket. A k\u00f6vetkez\u0151<\/p>\n","protected":false},"author":3,"featured_media":2833,"comment_status":"closed","ping_status":"closed","sticky":false,"template":"","format":"standard","meta":[],"categories":[1],"tags":[],"_links":{"self":[{"href":"https:\/\/koltozzbe.hu\/tartalom\/wp-json\/wp\/v2\/posts\/2824"}],"collection":[{"href":"https:\/\/koltozzbe.hu\/tartalom\/wp-json\/wp\/v2\/posts"}],"about":[{"href":"https:\/\/koltozzbe.hu\/tartalom\/wp-json\/wp\/v2\/types\/post"}],"author":[{"embeddable":true,"href":"https:\/\/koltozzbe.hu\/tartalom\/wp-json\/wp\/v2\/users\/3"}],"replies":[{"embeddable":true,"href":"https:\/\/koltozzbe.hu\/tartalom\/wp-json\/wp\/v2\/comments?post=2824"}],"version-history":[{"count":4,"href":"https:\/\/koltozzbe.hu\/tartalom\/wp-json\/wp\/v2\/posts\/2824\/revisions"}],"predecessor-version":[{"id":2838,"href":"https:\/\/koltozzbe.hu\/tartalom\/wp-json\/wp\/v2\/posts\/2824\/revisions\/2838"}],"wp:featuredmedia":[{"embeddable":true,"href":"https:\/\/koltozzbe.hu\/tartalom\/wp-json\/wp\/v2\/media\/2833"}],"wp:attachment":[{"href":"https:\/\/koltozzbe.hu\/tartalom\/wp-json\/wp\/v2\/media?parent=2824"}],"wp:term":[{"taxonomy":"category","embeddable":true,"href":"https:\/\/koltozzbe.hu\/tartalom\/wp-json\/wp\/v2\/categories?post=2824"},{"taxonomy":"post_tag","embeddable":true,"href":"https:\/\/koltozzbe.hu\/tartalom\/wp-json\/wp\/v2\/tags?post=2824"}],"curies":[{"name":"wp","href":"https:\/\/api.w.org\/{rel}","templated":true}]}}