{"id":2614,"date":"2022-04-01T05:27:46","date_gmt":"2022-04-01T03:27:46","guid":{"rendered":"http:\/\/koltozzbe.hu\/tartalom\/?p=2614"},"modified":"2022-04-11T10:20:25","modified_gmt":"2022-04-11T08:20:25","slug":"zugloi-lakasok-aron-alul","status":"publish","type":"post","link":"https:\/\/koltozzbe.hu\/tartalom\/zugloi-lakasok-aron-alul\/","title":{"rendered":"Zugl\u00f3i lak\u00e1sok \u00e1ron alul"},"content":{"rendered":"<p><strong>Zugl\u00f3 az egyik legfelkapotabb ker\u00fcletek k\u00f6z\u00e9 tartozik a f\u0151v\u00e1rosban. F\u0151 vonzereje a jelent\u0151s z\u00f6ld\u00f6vezete \u00e9s a j\u00f3l ki\u00e9p\u00edtett k\u00f6zleked\u00e9se: \u00e9rinti a f\u00f6ldalatti, a metr\u00f3, \u00e1thalad rajta az 1-es villamos \u00e9s a 7-es busz. Tal\u00e1lunk itt a m\u0171eml\u00e9k jelleg\u0171 h\u00e1zakt\u00f3l kezdve, a csal\u00e1di h\u00e1zas k\u00f6rny\u00e9kekig \u00e9s persze az \u00faj\u00e9p\u00edt\u00e9s\u0171 lak\u00f3parkokr\u00f3l se feledkezz\u00fcnk el. Teh\u00e1t aki egy kis csendre v\u00e1gyik, de m\u00e9gis k\u00f6zel a belv\u00e1roshoz, vegye sz\u00e1m\u00edt\u00e1sba a XIV. ker\u00fcletet.<\/strong><\/p>\n<p>Most olyan lak\u00e1sokat v\u00e1logattunk \u00f6ssze, amiket az \u00e1tlag\u00e1r alatt k\u00edv\u00e1nnak \u00e9rt\u00e9kes\u00edteni.<\/p>\n<p><strong><a href=\"https:\/\/koltozzbe.hu\/elado-teglalakas-budapest-xiv-kerulet\/h9259740?fbclid=IwAR078ZUcAB4tp2NAGNrC15l6f43v46IZSpoZtAeCkcQpEmy_Z-HlQ0jjV8M\">Fel\u00faj\u00edtott, k\u00e9tszob\u00e1s lak\u00e1s<\/a><\/strong><\/p>\n<p>T\u00e1gas \u00e9s vil\u00e1gos lak\u00e1st k\u00edn\u00e1lnak Budapesten a XIV. ker\u00fcletben, a Th\u00f6k\u00f6ly \u00fathoz k\u00f6zel. A 61 n\u00e9gyzetm\u00e9ter alapter\u00fclet\u0171, k\u00e9t szob\u00e1s bels\u0151 kertre n\u00e9z\u0151 erk\u00e9lyes t\u00e1rsash\u00e1zi lak\u00e1s a harmadik emeleten tal\u00e1lhat\u00f3. A lak\u00e1s 2019-ben egy nagyobb fel\u00faj\u00edt\u00e1son esett \u00e1t.\u00a0A szob\u00e1k egym\u00e1sb\u00f3l ny\u00edlnak, de a lak\u00e1s adotts\u00e1gai miatt k\u00fcl\u00f6n is megk\u00f6zel\u00edthet\u0151k, a lak\u00e1s k\u00f6rbej\u00e1rhat\u00f3. Az ingatlant a tulajdonos a k\u00f6rny\u00e9k \u00e1tlag\u00e1ra alatt k\u00edn\u00e1lja.<\/p>\n<p><a href=\"https:\/\/koltozzbe.hu\/elado-teglalakas-budapest-xiv-kerulet\/h9259740?fbclid=IwAR078ZUcAB4tp2NAGNrC15l6f43v46IZSpoZtAeCkcQpEmy_Z-HlQ0jjV8M\"><img loading=\"lazy\" class=\"aligncenter wp-image-2620 size-large\" src=\"https:\/\/koltozzbe.hu\/tartalom\/wp-content\/uploads\/2022\/03\/zuglo1-1024x766.jpg\" alt=\"\" width=\"640\" height=\"479\" srcset=\"https:\/\/koltozzbe.hu\/tartalom\/wp-content\/uploads\/2022\/03\/zuglo1-1024x766.jpg 1024w, https:\/\/koltozzbe.hu\/tartalom\/wp-content\/uploads\/2022\/03\/zuglo1-300x225.jpg 300w, https:\/\/koltozzbe.hu\/tartalom\/wp-content\/uploads\/2022\/03\/zuglo1-768x575.jpg 768w, https:\/\/koltozzbe.hu\/tartalom\/wp-content\/uploads\/2022\/03\/zuglo1.jpg 1125w\" sizes=\"(max-width: 640px) 100vw, 640px\" \/><\/a><\/p>\n<p><span class=\"link-removed\" data-old-href=\"https:\/\/koltozzbe.hu\/elado-teglalakas-budapest-xiv-kerulet\/h9251233\">Gal\u00e9ri\u00e1s garzon a R\u00e1kospatakn\u00e1l<\/span><\/p>\n<p>A Telepes utc\u00e1ban elad\u00f3 egy 44 n\u00e9gyzetm\u00e9teres, egy szob\u00e1s, gal\u00e9ri\u00e1s lak\u00e1s. A lok\u00e1ci\u00f3 szempontj\u00e1b\u00f3l nagyon el\u0151ny\u00f6s. A f\u00f6lszinti lak\u00e1s k\u00f6zvetlen\u00fcl a t\u00e1rsash\u00e1z udvar\u00e1ra ny\u00edlik. Az \u00e1ra nagyon kedvez\u0151.<\/p>\n<p><span class=\"link-removed\" data-old-href=\"https:\/\/koltozzbe.hu\/elado-teglalakas-budapest-xiv-kerulet\/h9251233\"><img loading=\"lazy\" class=\"alignnone size-full wp-image-2621\" src=\"https:\/\/koltozzbe.hu\/tartalom\/wp-content\/uploads\/2022\/03\/zuglo2.jpg\" alt=\"\" width=\"1024\" height=\"768\" srcset=\"https:\/\/koltozzbe.hu\/tartalom\/wp-content\/uploads\/2022\/03\/zuglo2.jpg 1024w, https:\/\/koltozzbe.hu\/tartalom\/wp-content\/uploads\/2022\/03\/zuglo2-300x225.jpg 300w, https:\/\/koltozzbe.hu\/tartalom\/wp-content\/uploads\/2022\/03\/zuglo2-768x576.jpg 768w\" sizes=\"(max-width: 1024px) 100vw, 1024px\" \/><\/span><\/p>\n\n\n<p><strong><span class=\"link-removed\" data-old-href=\"https:\/\/koltozzbe.hu\/elado-teglalakas-budapest-xiv-kerulet\/h9222262\">Napf\u00e9nyes, t\u00e1gas otthon<\/span><\/strong><\/p>\n\n\n\n<p>A XIV. ker\u00fclet k\u00f6zponti r\u00e9sz\u00e9n, a Reiner Frigyes park k\u00f6zel\u00e9ben, egy h\u00e1rom emeletes t\u00e9gla\u00e9p\u00fclet els\u0151 emelet\u00e9n, elad\u00f3 egy 89 n\u00e9gyzetm\u00e9teres lak\u00e1s. Az otthon j\u00f3 \u00e1llapot\u00fa, napf\u00e9nyes \u00e9s t\u00e1gas terekkel rendelkezik. 2020-ban teljesk\u00f6r\u0171en fel\u00faj\u00edtott\u00e1k, ennek sor\u00e1n a villanyvezet\u00e9kek \u00e1th\u00fazva, konyha \u00e9s el\u0151szoba burkolata j\u00e1r\u00f3lapozva, \u00faj, g\u00e9pes\u00edtett konyhab\u00fator beszerel\u00e9se ny\u00edl\u00e1sz\u00e1r\u00f3k cser\u00e9je&nbsp;t\u00f6rt\u00e9nt.<\/p>\n\n\n\n<figure class=\"wp-block-gallery has-nested-images columns-default is-cropped\">\n<figure class=\"wp-block-image size-large\"><span class=\"link-removed\" data-old-href=\"https:\/\/koltozzbe.hu\/elado-teglalakas-budapest-xiv-kerulet\/h9222262\"><img loading=\"lazy\" width=\"1024\" height=\"684\" data-id=\"2624\"  src=\"https:\/\/koltozzbe.hu\/tartalom\/wp-content\/uploads\/2022\/03\/zuglo3.jpg\" alt=\"\" class=\"wp-image-2624\" srcset=\"https:\/\/koltozzbe.hu\/tartalom\/wp-content\/uploads\/2022\/03\/zuglo3.jpg 1024w, https:\/\/koltozzbe.hu\/tartalom\/wp-content\/uploads\/2022\/03\/zuglo3-300x200.jpg 300w, https:\/\/koltozzbe.hu\/tartalom\/wp-content\/uploads\/2022\/03\/zuglo3-768x513.jpg 768w\" sizes=\"(max-width: 1024px) 100vw, 1024px\" \/><\/span><\/figure>\n<\/figure>\n\n\n\n<p><strong><span class=\"link-removed\" data-old-href=\"https:\/\/koltozzbe.hu\/elado-teglalakas-budapest-xiv-kerulet\/h9009572\">Saj\u00e1t udvaros lak\u00e1s<\/span><\/strong><\/p>\n\n\n\n<p>A Th\u00f6k\u00f6ly \u00faton a Stef\u00e1nia k\u00f6zel\u00e9ben elad\u00f3 ez az 50 n\u00e9gyzetm\u00e9teres lak\u00e1s. Kuri\u00f3zuma hogy tartozik hozz\u00e1 egy saj\u00e1t kis kertr\u00e9sz, pince \u00e9s t\u00e1rol\u00f3 is. A m\u00e1sf\u00e9l szob\u00e1s lak\u00e1st egy \u00e9ve \u00faj\u00edtottott\u00e1k fel.<\/p>\n\n\n\n<figure class=\"wp-block-gallery has-nested-images columns-default is-cropped\">\n<figure class=\"wp-block-image size-large\"><span class=\"link-removed\" data-old-href=\"https:\/\/koltozzbe.hu\/elado-teglalakas-budapest-xiv-kerulet\/h9009572\"><img loading=\"lazy\" width=\"1024\" height=\"498\" data-id=\"2625\"  src=\"https:\/\/koltozzbe.hu\/tartalom\/wp-content\/uploads\/2022\/03\/zuglo4.jpg\" alt=\"\" class=\"wp-image-2625\" srcset=\"https:\/\/koltozzbe.hu\/tartalom\/wp-content\/uploads\/2022\/03\/zuglo4.jpg 1024w, https:\/\/koltozzbe.hu\/tartalom\/wp-content\/uploads\/2022\/03\/zuglo4-300x146.jpg 300w, https:\/\/koltozzbe.hu\/tartalom\/wp-content\/uploads\/2022\/03\/zuglo4-768x374.jpg 768w\" sizes=\"(max-width: 1024px) 100vw, 1024px\" \/><\/span><\/figure>\n<\/figure>\n\n\n\n<p><strong><span class=\"link-removed\" data-old-href=\"https:\/\/koltozzbe.hu\/elado-teglalakas-budapest-xiv-kerulet\/h9152774\">H\u00e1rom szob\u00e1s t\u00e9gla\u00e9p\u00edt\u00e9s\u0171<\/span><\/strong><\/p>\n\n\n\n<p>A XIV. ker\u00fclet Nagyzugl\u00f3 r\u00e9sz\u00e9n , az Egressy t\u00e9r k\u00f6rny\u00e9k\u00e9n parkos k\u00f6rnyezetben elad\u00f3 egy 4 emeletes, t\u00e9gla falszerkezet\u0171, rendezett lak\u00f3k\u00f6z\u00f6ss\u00e9g\u0171 t\u00e1rsash\u00e1z f\u00f6ldszintj\u00e9n, egy 68 n\u00e9gyzetm\u00e9teres, 3 szob\u00e1s vil\u00e1gos lak\u00e1s. Mindegyik szoba k\u00fcl\u00f6n ny\u00edl\u00f3, a szob\u00e1k k\u00e9t ir\u00e1nyba t\u00e1joltak, az ablakok parkra n\u00e9znek. A lak\u00e1st folyamatosan \u00faj\u00edtott\u00e1k fel jelenlegi tulajdonosai.<\/p>\n\n\n\n<figure class=\"wp-block-gallery has-nested-images columns-default is-cropped\">\n<figure class=\"wp-block-image size-large\"><span class=\"link-removed\" data-old-href=\"https:\/\/koltozzbe.hu\/elado-teglalakas-budapest-xiv-kerulet\/h9152774\"><img loading=\"lazy\" width=\"1024\" height=\"683\" data-id=\"2626\"  src=\"https:\/\/koltozzbe.hu\/tartalom\/wp-content\/uploads\/2022\/04\/zuglo6-1024x683.jpg\" alt=\"\" class=\"wp-image-2626\" srcset=\"https:\/\/koltozzbe.hu\/tartalom\/wp-content\/uploads\/2022\/04\/zuglo6-1024x683.jpg 1024w, https:\/\/koltozzbe.hu\/tartalom\/wp-content\/uploads\/2022\/04\/zuglo6-300x200.jpg 300w, https:\/\/koltozzbe.hu\/tartalom\/wp-content\/uploads\/2022\/04\/zuglo6-768x512.jpg 768w, https:\/\/koltozzbe.hu\/tartalom\/wp-content\/uploads\/2022\/04\/zuglo6-1536x1024.jpg 1536w, https:\/\/koltozzbe.hu\/tartalom\/wp-content\/uploads\/2022\/04\/zuglo6-1170x780.jpg 1170w, https:\/\/koltozzbe.hu\/tartalom\/wp-content\/uploads\/2022\/04\/zuglo6.jpg 1620w\" sizes=\"(max-width: 1024px) 100vw, 1024px\" \/><\/span><\/figure>\n<\/figure>\n","protected":false},"excerpt":{"rendered":"<p>Zugl\u00f3 az egyik legfelkapotabb ker\u00fcletek k\u00f6z\u00e9 tartozik a f\u0151v\u00e1rosban. F\u0151 vonzereje a jelent\u0151s z\u00f6ld\u00f6vezete \u00e9s a j\u00f3l ki\u00e9p\u00edtett k\u00f6zleked\u00e9se: \u00e9rinti a f\u00f6ldalatti, a metr\u00f3, \u00e1thalad rajta az 1-es villamos \u00e9s a 7-es busz. Tal\u00e1lunk itt a m\u0171eml\u00e9k jelleg\u0171 h\u00e1zakt\u00f3l kezdve, a csal\u00e1di h\u00e1zas k\u00f6rny\u00e9kekig \u00e9s persze az \u00faj\u00e9p\u00edt\u00e9s\u0171 lak\u00f3parkokr\u00f3l se<\/p>\n","protected":false},"author":3,"featured_media":2624,"comment_status":"closed","ping_status":"closed","sticky":false,"template":"","format":"standard","meta":[],"categories":[1],"tags":[457,18,2,13,455,456],"_links":{"self":[{"href":"https:\/\/koltozzbe.hu\/tartalom\/wp-json\/wp\/v2\/posts\/2614"}],"collection":[{"href":"https:\/\/koltozzbe.hu\/tartalom\/wp-json\/wp\/v2\/posts"}],"about":[{"href":"https:\/\/koltozzbe.hu\/tartalom\/wp-json\/wp\/v2\/types\/post"}],"author":[{"embeddable":true,"href":"https:\/\/koltozzbe.hu\/tartalom\/wp-json\/wp\/v2\/users\/3"}],"replies":[{"embeddable":true,"href":"https:\/\/koltozzbe.hu\/tartalom\/wp-json\/wp\/v2\/comments?post=2614"}],"version-history":[{"count":7,"href":"https:\/\/koltozzbe.hu\/tartalom\/wp-json\/wp\/v2\/posts\/2614\/revisions"}],"predecessor-version":[{"id":2633,"href":"https:\/\/koltozzbe.hu\/tartalom\/wp-json\/wp\/v2\/posts\/2614\/revisions\/2633"}],"wp:featuredmedia":[{"embeddable":true,"href":"https:\/\/koltozzbe.hu\/tartalom\/wp-json\/wp\/v2\/media\/2624"}],"wp:attachment":[{"href":"https:\/\/koltozzbe.hu\/tartalom\/wp-json\/wp\/v2\/media?parent=2614"}],"wp:term":[{"taxonomy":"category","embeddable":true,"href":"https:\/\/koltozzbe.hu\/tartalom\/wp-json\/wp\/v2\/categories?post=2614"},{"taxonomy":"post_tag","embeddable":true,"href":"https:\/\/koltozzbe.hu\/tartalom\/wp-json\/wp\/v2\/tags?post=2614"}],"curies":[{"name":"wp","href":"https:\/\/api.w.org\/{rel}","templated":true}]}}