{"id":2588,"date":"2022-03-22T21:35:46","date_gmt":"2022-03-22T19:35:46","guid":{"rendered":"https:\/\/koltozzbe.hu\/tartalom\/?p=2588"},"modified":"2022-03-22T21:36:56","modified_gmt":"2022-03-22T19:36:56","slug":"jon-a-tavasz-kezdodnek-a-kerti-munkalatok","status":"publish","type":"post","link":"https:\/\/koltozzbe.hu\/tartalom\/jon-a-tavasz-kezdodnek-a-kerti-munkalatok\/","title":{"rendered":"J\u00f6n a tavasz, kezd\u0151dnek a kerti munk\u00e1latok"},"content":{"rendered":"\n<p><strong>M\u00e1rcius van, bek\u00f6sz\u00f6nt\u00f6tt az igazi tavasz, \u00e9led a term\u00e9szet. Itt az ideje a kerti munk\u00e1latokat elkezdeni. A metsz\u00e9sre a r\u00fcgypattan\u00e1s el\u0151tt a legalkalmasabb az id\u0151, de vannak olyan n\u00f6v\u00e9nyek, mint az alma \u00e9s a sz\u0151l\u0151, amelyekn\u00e9l nem okoz gondot, ha egy fagymentes t\u00e9lv\u00e9gi napon v\u00e9gezz\u00fck el a sz\u00fcks\u00e9ges munk\u00e1latokat. A h\u0171v\u00f6sebb napokon alkalom ny\u00edlik arra is, hogy megtervezz\u00fck a vetem\u00e9nyes kialak\u00edt\u00e1s\u00e1t, \u00e9s beszerezz\u00fck a n\u00f6v\u00e9nymagokat.&nbsp;<\/strong><\/p>\n\n\n\n<p><strong>Teleltet\u00e9s ut\u00e1n<\/strong> <strong>helyezz\u00fck ki a n\u00f6v\u00e9nyeket!<\/strong><\/p>\n\n\n\n<p>Azokat a n\u00f6venyeket amelyek nem fagyt\u0171r\u0151k, fokozatosan elkezdhetj\u00fck visszahelyezni a szabadleveg\u0151re, kiker\u00fclhet a leander \u00e9s az egy\u00e9b d\u00e9zs\u00e1ban elhelyezett n\u00f6v\u00e9ny is. Amelyiken l\u00e1tjuk, hogy m\u00e1r kin\u0151tte a hely\u00e9t, itt az ideje \u00e1t\u00fcltetni.<\/p>\n\n\n\n<p><strong>Gy\u00fcm\u00f6lcsf\u00e1kr\u00f3l se feledkezz\u00fcnk meg!<\/strong><\/p>\n\n\n\n<p>Most \u00fcltess\u00fck el a f\u00e1kat \u00e9s cserj\u00e9ket \u00e9s ne feledkezz\u00fcnk meg a gondoz\u00e1sr\u00f3l sem. Ha m\u00e9g nem tett\u00fck meg a gy\u00fcm\u00f6lcsf\u00e1k metsz\u00e9s\u00e9t, most mindenk\u00e9pp meg kell tenni. \u00c9rdemes ebben az id\u0151szakban el\u00fcltetni a d\u00edszf\u00e1kat, bokrokat is. A s\u00f6v\u00e9ny karbantart\u00e1s\u00e1r\u00f3l se feledkezz\u00fcnk meg.<\/p>\n\n\n\n<div class=\"wp-block-image\"><figure class=\"aligncenter size-full\"><span class=\"link-removed\" data-old-href=\"https:\/\/koltozzbe.hu\/elado-csaladi_haz-tokol\/h8742439\"><img loading=\"lazy\" width=\"640\" height=\"480\" src=\"https:\/\/koltozzbe.hu\/tartalom\/wp-content\/uploads\/2022\/03\/tokol2.jpg\" alt=\"\" class=\"wp-image-2605\" srcset=\"https:\/\/koltozzbe.hu\/tartalom\/wp-content\/uploads\/2022\/03\/tokol2.jpg 640w, https:\/\/koltozzbe.hu\/tartalom\/wp-content\/uploads\/2022\/03\/tokol2-300x225.jpg 300w\" sizes=\"(max-width: 640px) 100vw, 640px\" \/><\/span><figcaption>Ahhoz, hogy ilyen gy\u00f6ny\u00f6r\u0171 tuj\u00e1ink legyenek, mint enn\u00e9l a <span class=\"link-removed\" data-old-href=\"https:\/\/koltozzbe.hu\/elado-csaladi_haz-tokol\/h8742439\">T\u00f6k\u00f6l\u00f6n tal\u00e1lhat\u00f3 csal\u00e1di h\u00e1zn\u00e1l<\/span>, \u00e9rdemes \u00e1polni \u0151ket. Minden tavasszal friss\u00edteni a metsz\u00e9st.<\/figcaption><\/figure><\/div>\n\n\n\n<p><strong>\u00c1poljuk a gyepet<\/strong><\/p>\n\n\n\n<p>Csak az a sz\u00e9p z\u00f6ld gyep&#8230; A hossz\u00fa fagyos t\u00e9l ut\u00e1n r\u00e1f\u00e9r egy kis friss\u00edt\u00e9s a gyepre, gerebly\u00e9zz\u00fck le, majd laz\u00edtsuk fel a szerkezet\u00e9t, hogy \u00fajra leveg\u0151h\u00f6z jusson. Ezzel megel\u0151zhetj\u00fck a berothad\u00e1st \u00e9s seg\u00edthetj\u00fck az eg\u00e9szs\u00e9ges fejl\u0151d\u00e9st, arra figyelj\u00fcnk, hogy a laz\u00edt\u00e1st ne v\u00e9gezz\u00fck t\u00fal er\u0151sen, mert akkor k\u00e1rosodni fog a gyep\u00fcnk.<\/p>\n\n\n\n<figure class=\"wp-block-image size-large\"><span class=\"link-removed\" data-old-href=\"https:\/\/koltozzbe.hu\/elado-ikerhaz-dunakeszi\/h9215112\"><img loading=\"lazy\" width=\"1024\" height=\"498\" src=\"https:\/\/koltozzbe.hu\/tartalom\/wp-content\/uploads\/2022\/03\/dunakeszi-1024x498.jpg\" alt=\"\" class=\"wp-image-2606\" srcset=\"https:\/\/koltozzbe.hu\/tartalom\/wp-content\/uploads\/2022\/03\/dunakeszi-1024x498.jpg 1024w, https:\/\/koltozzbe.hu\/tartalom\/wp-content\/uploads\/2022\/03\/dunakeszi-300x146.jpg 300w, https:\/\/koltozzbe.hu\/tartalom\/wp-content\/uploads\/2022\/03\/dunakeszi-768x374.jpg 768w, https:\/\/koltozzbe.hu\/tartalom\/wp-content\/uploads\/2022\/03\/dunakeszi.jpg 1120w\" sizes=\"(max-width: 1024px) 100vw, 1024px\" \/><\/span><figcaption>Csod\u00e1s gyepet l\u00e1thatunk enn\u00e9l az elad\u00f3 <span class=\"link-removed\" data-old-href=\"https:\/\/koltozzbe.hu\/elado-ikerhaz-dunakeszi\/h9215112\">Dunakeszin tal\u00e1lhat\u00f3, csal\u00e1di h\u00e1zn\u00e1l<\/span>. Dunakeszi-Als\u00f3n, a Gizella utc\u00e1ban k\u00edn\u00e1lj\u00e1t, ezt a  877 n\u00e9gyzetm\u00e9teres telken elhelyezked\u0151, a 2000-es \u00e9vek elej\u00e9n \u00e9p\u00fclt bels\u0151 k\u00e9tszintes ikerh\u00e1z, 165 n\u00e9gyzetm\u00e9teres \u00fajszer\u0171 \u00e1llapot\u00fa bels\u0151 fel\u00e9t.<\/figcaption><\/figure>\n\n\n\n<p><strong>Vetem\u00e9nyes<\/strong> <strong>kert<\/strong><\/p>\n\n\n\n<p>Manaps\u00e1g tal\u00e1n m\u00e9g fontosabb, mint eddig az hogy honnan szerezz\u00fck be az \u00e9lelmiszert. Nagy kincs egy vetem\u00e9nyeskert az udvaron. A vetem\u00e9nyez\u00e9sre kijel\u00f6lt ter\u00fcletet \u00e9rdemes m\u00e1r \u0151sszel fel\u00e1sni, \u00e9s t\u00e1panyaggal ell\u00e1tni. Ezut\u00e1n \u00e9v elej\u00e9n c\u00e9lszer\u0171 \u00e1t gerebly\u00e9zni a f\u00f6ldet, \u00e9s a korai magokat m\u00e1r el is vethetj\u00fck. <\/p>\n\n\n\n<div class=\"wp-block-image\"><figure class=\"aligncenter size-full\"><span class=\"link-removed\" data-old-href=\"https:\/\/koltozzbe.hu\/elado-csaladi_haz-pula\/h9113159\"><img loading=\"lazy\" width=\"1024\" height=\"488\" src=\"https:\/\/koltozzbe.hu\/tartalom\/wp-content\/uploads\/2022\/03\/pula.jpg\" alt=\"\" class=\"wp-image-2607\" srcset=\"https:\/\/koltozzbe.hu\/tartalom\/wp-content\/uploads\/2022\/03\/pula.jpg 1024w, https:\/\/koltozzbe.hu\/tartalom\/wp-content\/uploads\/2022\/03\/pula-300x143.jpg 300w, https:\/\/koltozzbe.hu\/tartalom\/wp-content\/uploads\/2022\/03\/pula-768x366.jpg 768w\" sizes=\"(max-width: 1024px) 100vw, 1024px\" \/><\/span><figcaption>Pul\u00e1n tal\u00e1lhat\u00f3 ez a <span class=\"link-removed\" data-old-href=\"https:\/\/koltozzbe.hu\/elado-csaladi_haz-pula\/h9113159\">romantikus paraszth\u00e1z<\/span>, amihez vetem\u00e9nyeskert \u00e9s gy\u00fcm\u00f6lcs\u00f6s is tartozik.<\/figcaption><\/figure><\/div>\n\n\n\n<p><\/p>\n","protected":false},"excerpt":{"rendered":"<p>M\u00e1rcius van, bek\u00f6sz\u00f6nt\u00f6tt az igazi tavasz, \u00e9led a term\u00e9szet. Itt az ideje a kerti munk\u00e1latokat elkezdeni. A metsz\u00e9sre a r\u00fcgypattan\u00e1s el\u0151tt a legalkalmasabb az id\u0151, de vannak olyan n\u00f6v\u00e9nyek, mint az alma \u00e9s a sz\u0151l\u0151, amelyekn\u00e9l nem okoz gondot, ha egy fagymentes t\u00e9lv\u00e9gi napon v\u00e9gezz\u00fck el a sz\u00fcks\u00e9ges munk\u00e1latokat. A<\/p>\n","protected":false},"author":3,"featured_media":2608,"comment_status":"closed","ping_status":"closed","sticky":false,"template":"","format":"standard","meta":[],"categories":[1],"tags":[105,227,18,2],"_links":{"self":[{"href":"https:\/\/koltozzbe.hu\/tartalom\/wp-json\/wp\/v2\/posts\/2588"}],"collection":[{"href":"https:\/\/koltozzbe.hu\/tartalom\/wp-json\/wp\/v2\/posts"}],"about":[{"href":"https:\/\/koltozzbe.hu\/tartalom\/wp-json\/wp\/v2\/types\/post"}],"author":[{"embeddable":true,"href":"https:\/\/koltozzbe.hu\/tartalom\/wp-json\/wp\/v2\/users\/3"}],"replies":[{"embeddable":true,"href":"https:\/\/koltozzbe.hu\/tartalom\/wp-json\/wp\/v2\/comments?post=2588"}],"version-history":[{"count":4,"href":"https:\/\/koltozzbe.hu\/tartalom\/wp-json\/wp\/v2\/posts\/2588\/revisions"}],"predecessor-version":[{"id":2611,"href":"https:\/\/koltozzbe.hu\/tartalom\/wp-json\/wp\/v2\/posts\/2588\/revisions\/2611"}],"wp:featuredmedia":[{"embeddable":true,"href":"https:\/\/koltozzbe.hu\/tartalom\/wp-json\/wp\/v2\/media\/2608"}],"wp:attachment":[{"href":"https:\/\/koltozzbe.hu\/tartalom\/wp-json\/wp\/v2\/media?parent=2588"}],"wp:term":[{"taxonomy":"category","embeddable":true,"href":"https:\/\/koltozzbe.hu\/tartalom\/wp-json\/wp\/v2\/categories?post=2588"},{"taxonomy":"post_tag","embeddable":true,"href":"https:\/\/koltozzbe.hu\/tartalom\/wp-json\/wp\/v2\/tags?post=2588"}],"curies":[{"name":"wp","href":"https:\/\/api.w.org\/{rel}","templated":true}]}}