{"id":2412,"date":"2021-05-30T21:22:09","date_gmt":"2021-05-30T19:22:09","guid":{"rendered":"http:\/\/koltozzbe.hu\/tartalom\/?p=2412"},"modified":"2021-05-30T21:22:09","modified_gmt":"2021-05-30T19:22:09","slug":"szuper-teraszos-lakasok-budapesten","status":"publish","type":"post","link":"https:\/\/koltozzbe.hu\/tartalom\/szuper-teraszos-lakasok-budapesten\/","title":{"rendered":"Szuper teraszos lak\u00e1sok Budapesten"},"content":{"rendered":"<p><strong>A f\u0151v\u00e1rosban egy teraszos lak\u00e1s f\u0151nyerem\u00e9ny, ahol kialak\u00edthatjuk a saj\u00e1t o\u00e1zisunkat. Egy erk\u00e9ly a nyugalom \u00e9s a pihen\u00e9s sz\u00edntere lehet a lak\u00e1sunkban, persze ehhez egy ide\u00e1lis elrendez\u00e9s is kell.\u00a0A reggeli k\u00e1v\u00e9z\u00e1st\u00f3l a tavaszi, ny\u00e1resti besz\u00e9lget\u00e9seken \u00e1t a kisebb \u00f6sszej\u00f6vetelekig kihaszn\u00e1lhatjuk.<\/strong><\/p>\n<p>A k\u00f6vetkez\u0151 v\u00e1logat\u00e1sunkban, olyan elad\u00f3 lak\u00e1sokat v\u00e1logattunk \u00f6ssze, ahol a terasz leny\u0171g\u00f6z\u0151 kialak\u00edt\u00e1s\u00fa. N\u00e9zz\u00fck a szuper teraszos budapesti lak\u00e1sokat!<\/p>\n<h2><span class=\"link-removed\" data-old-href=\"https:\/\/koltozzbe.hu\/elado-teglalakas-budapest-vii-kerulet\/h9000843\">Tet\u0151terasz a Kir\u00e1ly utc\u00e1ban<\/span><\/h2>\n<p>\u00d3ri\u00e1si terasz a legfels\u0151 szinten, mindenki err\u0151l \u00e1lmodik. Ezt az elad\u00f3 89 n\u00e9gyzetm\u00e9teres, bels\u0151 k\u00e9tszintes lak\u00e1st 2021-ben adt\u00e1k \u00e1t.\u00a0A konyha berendez\u00e9s\u00e9t az \u00faj tulajdonos ig\u00e9nyei szerint alak\u00edtja ki a kivitelez\u0151. A h\u00e1z lak\u00f3k\u00f6z\u00f6ss\u00e9ge csendes, bar\u00e1ts\u00e1gos.<\/p>\n<p><span class=\"link-removed\" data-old-href=\"https:\/\/koltozzbe.hu\/elado-teglalakas-budapest-vii-kerulet\/h9000843\"><img loading=\"lazy\" class=\"size-large wp-image-2413 aligncenter\" src=\"https:\/\/koltozzbe.hu\/tartalom\/wp-content\/uploads\/2021\/05\/tetoterasz-VII.kerulet-1024x681.jpg\" alt=\"\" width=\"640\" height=\"426\" srcset=\"https:\/\/koltozzbe.hu\/tartalom\/wp-content\/uploads\/2021\/05\/tetoterasz-VII.kerulet.jpg 1024w, https:\/\/koltozzbe.hu\/tartalom\/wp-content\/uploads\/2021\/05\/tetoterasz-VII.kerulet-300x200.jpg 300w, https:\/\/koltozzbe.hu\/tartalom\/wp-content\/uploads\/2021\/05\/tetoterasz-VII.kerulet-768x511.jpg 768w\" sizes=\"(max-width: 640px) 100vw, 640px\" \/><\/span><\/p>\n<h2><span class=\"link-removed\" data-old-href=\"https:\/\/koltozzbe.hu\/elado-teglalakas-budapest-vi-kerulet\/h8992925\">Klasszikus elegancia a belv\u00e1rosban<\/span><\/h2>\n<p>Budapest VI. ker\u00fclet\u00e9ben, az Operah\u00e1z szomsz\u00e9ds\u00e1g\u00e1ban, csendes utca egyik patin\u00e1s h\u00e1z\u00e1nak a negyedik emelet\u00e9n elad\u00f3 egy exkluz\u00edvan fel\u00faj\u00edtott, g\u00e9pes\u00edtett, l\u00e9gkondicion\u00e1lt k\u00e9t erk\u00e9lyes lak\u00e1s. Az ingatlanban a klasszikus st\u00edlus jegyei az ir\u00e1nyad\u00f3ak.<\/p>\n<p><span class=\"link-removed\" data-old-href=\"https:\/\/koltozzbe.hu\/elado-teglalakas-budapest-vi-kerulet\/h8992925\"><img loading=\"lazy\" class=\"size-full wp-image-2414 aligncenter\" src=\"https:\/\/koltozzbe.hu\/tartalom\/wp-content\/uploads\/2021\/05\/VI.kerulet.jpg\" alt=\"\" width=\"512\" height=\"768\" srcset=\"https:\/\/koltozzbe.hu\/tartalom\/wp-content\/uploads\/2021\/05\/VI.kerulet.jpg 512w, https:\/\/koltozzbe.hu\/tartalom\/wp-content\/uploads\/2021\/05\/VI.kerulet-200x300.jpg 200w\" sizes=\"(max-width: 512px) 100vw, 512px\" \/><\/span><\/p>\n<h2><span class=\"link-removed\" data-old-href=\"https:\/\/koltozzbe.hu\/elado-teglalakas-budapest-iii-kerulet\/h8783937\">M\u00e1ty\u00e1shegyi teraszos lak\u00e1s<\/span><\/h2>\n<p>M\u00e1ty\u00e1shegy egyik csendes utc\u00e1j\u00e1ban elad\u00f3 ez a t\u00e1gas, 143 n\u00e9gyzetm\u00e9teres, teraszos lak\u00e1s. A teraszr\u00f3l az \u0151sf\u00e1s kertre n\u00e9zhet\u00fcnk r\u00e1, ak\u00e1r elszepar\u00e1lt kertr\u00e9sz is kialak\u00edthat\u00f3 a t\u00e1rsash\u00e1z kertj\u00e9ben.\u00a0Az ingatlant egyedi bels\u0151 t\u00e9rrendez\u00e9s jellemzi, vil\u00e1gos \u00e9s modern st\u00edlus\u00fa.<\/p>\n<p><span class=\"link-removed\" data-old-href=\"https:\/\/koltozzbe.hu\/elado-teglalakas-budapest-iii-kerulet\/h8783937\"><img loading=\"lazy\" class=\"size-full wp-image-2415 aligncenter\" src=\"https:\/\/koltozzbe.hu\/tartalom\/wp-content\/uploads\/2021\/05\/8655b3ff5cee3116165b373a591f73.jpg\" alt=\"\" width=\"800\" height=\"535\" srcset=\"https:\/\/koltozzbe.hu\/tartalom\/wp-content\/uploads\/2021\/05\/8655b3ff5cee3116165b373a591f73.jpg 800w, https:\/\/koltozzbe.hu\/tartalom\/wp-content\/uploads\/2021\/05\/8655b3ff5cee3116165b373a591f73-300x201.jpg 300w, https:\/\/koltozzbe.hu\/tartalom\/wp-content\/uploads\/2021\/05\/8655b3ff5cee3116165b373a591f73-768x514.jpg 768w\" sizes=\"(max-width: 800px) 100vw, 800px\" \/><\/span><\/p>\n<h2><span class=\"link-removed\" data-old-href=\"https:\/\/koltozzbe.hu\/elado-teglalakas-budapest-ix-kerulet\/h9037233\">T\u00e1gas lak\u00e1s sz\u00e9p terasszal<\/span><\/h2>\n<p>A IX. ker\u00fcletben elad\u00f3 a Millennium V\u00e1rosk\u00f6zpont frekvent\u00e1lt r\u00e9sz\u00e9n, ez a t\u00e1gas, napf\u00e9nyben \u00fasz\u00f3 lak\u00e1s. A 116 n\u00e9gyzetm\u00e9teres nagypolg\u00e1ri lak\u00e1sban a belmagass\u00e1g 3,6 m\u00e9ter a belmagass\u00e1g, ak\u00e1r gal\u00e9ria is kialak\u00edthat\u00f3 benne.\u00a0<span class=\"link-removed\" data-old-href=\"https:\/\/koltozzbe.hu\/elado-teglalakas-budapest-ix-kerulet\/h9037233\"><img loading=\"lazy\" class=\"size-full wp-image-2417 aligncenter\" src=\"https:\/\/koltozzbe.hu\/tartalom\/wp-content\/uploads\/2021\/05\/IX.ker\u00fcleteben.jpg\" alt=\"\" width=\"800\" height=\"533\" srcset=\"https:\/\/koltozzbe.hu\/tartalom\/wp-content\/uploads\/2021\/05\/IX.ker\u00fcleteben.jpg 800w, https:\/\/koltozzbe.hu\/tartalom\/wp-content\/uploads\/2021\/05\/IX.ker\u00fcleteben-300x200.jpg 300w, https:\/\/koltozzbe.hu\/tartalom\/wp-content\/uploads\/2021\/05\/IX.ker\u00fcleteben-768x512.jpg 768w\" sizes=\"(max-width: 800px) 100vw, 800px\" \/><\/span><\/p>\n<h2><span class=\"link-removed\" data-old-href=\"https:\/\/koltozzbe.hu\/elado-teglalakas-budapest-viii-kerulet\/h8998541\">Kertkapcsolatos \u00e9s t\u00e9likertes lak\u00e1s a belv\u00e1rosban<\/span><\/h2>\n<p>Budapest VIII. ker\u00fclet\u00e9ben elad\u00f3 ez a k\u00fcl\u00f6nleges adotts\u00e1gokkal b\u00edr\u00f3 f\u00f6ldszinti lak\u00e1s. A t\u00e1rsash\u00e1z 2017-ben \u00e9p\u00fclt. A 67 n\u00e9gyzetm\u00e9ter alapter\u00fclet\u0171 vil\u00e1gos, d\u00e9li t\u00e1jol\u00e1s\u00fa lak\u00e1s a k\u00f6r\u00fatt\u00f3l h\u00e1rom percre tal\u00e1lhat\u00f3.\u00a0A lak\u00e1snak a belv\u00e1rosban ritkas\u00e1gnak sz\u00e1m\u00edt\u00f3 saj\u00e1t 40 n\u00e9gyzetm\u00e9teres kertr\u00e9sze van, ahov\u00e1 a t\u00e9likerten kereszt\u00fcl juthatunk ki. Igazi o\u00e1zisa lehet az \u00faj tulajdonosnak.<\/p>\n<p><span class=\"link-removed\" data-old-href=\"https:\/\/koltozzbe.hu\/elado-teglalakas-budapest-viii-kerulet\/h8998541\"><img loading=\"lazy\" class=\"size-large wp-image-2418 aligncenter\" src=\"https:\/\/koltozzbe.hu\/tartalom\/wp-content\/uploads\/2021\/05\/3300e9a3e36f9eb45f32026419b691-1024x657.jpg\" alt=\"\" width=\"640\" height=\"411\" srcset=\"https:\/\/koltozzbe.hu\/tartalom\/wp-content\/uploads\/2021\/05\/3300e9a3e36f9eb45f32026419b691.jpg 1024w, https:\/\/koltozzbe.hu\/tartalom\/wp-content\/uploads\/2021\/05\/3300e9a3e36f9eb45f32026419b691-300x192.jpg 300w, https:\/\/koltozzbe.hu\/tartalom\/wp-content\/uploads\/2021\/05\/3300e9a3e36f9eb45f32026419b691-768x493.jpg 768w\" sizes=\"(max-width: 640px) 100vw, 640px\" \/><\/span><\/p>\n<h2><span class=\"link-removed\" data-old-href=\"https:\/\/koltozzbe.hu\/elado-teglalakas-budapest-xvi-kerulet\/h8971354\">Gy\u00f6ngyszem Cinkot\u00e1n<\/span><\/h2>\n<p>A XVI. ker\u00fcletben, egy panor\u00e1m\u00e1s, I. emeleten tal\u00e1lhat\u00f3, 89 n\u00e9gyzetm\u00e9teres , 3 erk\u00e9llyel rendelkez\u0151 lak\u00e1st k\u00edn\u00e1lnak elad\u00e1sra. T\u00e1jol\u00e1s\u00e1nak \u00e9s a sok ablaknak k\u00f6sz\u00f6nhet\u0151en eg\u00e9sz nap vil\u00e1gos, k\u00f6rbej\u00e1rja a nap. G\u00f6r\u00f6g st\u00edlus\u00fa terasz\u00e1n \u00e9lvezhetj\u00fck a friss leveg\u0151t.\u00a0Gyermekes csal\u00e1doknak is ide\u00e1lis: a parkban j\u00e1tsz\u00f3t\u00e9r, a k\u00f6zelben \u00f3voda, \u00e1ltal\u00e1nos iskola.<\/p>\n<p><span class=\"link-removed\" data-old-href=\"https:\/\/koltozzbe.hu\/elado-teglalakas-budapest-xvi-kerulet\/h8971354\"><img loading=\"lazy\" class=\"size-full wp-image-2419 aligncenter\" src=\"https:\/\/koltozzbe.hu\/tartalom\/wp-content\/uploads\/2021\/05\/09032a7f3104571e02d586ab35b7a7.jpg\" alt=\"\" width=\"800\" height=\"600\" srcset=\"https:\/\/koltozzbe.hu\/tartalom\/wp-content\/uploads\/2021\/05\/09032a7f3104571e02d586ab35b7a7.jpg 800w, https:\/\/koltozzbe.hu\/tartalom\/wp-content\/uploads\/2021\/05\/09032a7f3104571e02d586ab35b7a7-300x225.jpg 300w, https:\/\/koltozzbe.hu\/tartalom\/wp-content\/uploads\/2021\/05\/09032a7f3104571e02d586ab35b7a7-768x576.jpg 768w\" sizes=\"(max-width: 800px) 100vw, 800px\" \/><\/span><\/p>\n","protected":false},"excerpt":{"rendered":"<p>A f\u0151v\u00e1rosban egy teraszos lak\u00e1s f\u0151nyerem\u00e9ny, ahol kialak\u00edthatjuk a saj\u00e1t o\u00e1zisunkat. Egy erk\u00e9ly a nyugalom \u00e9s a pihen\u00e9s sz\u00edntere lehet a lak\u00e1sunkban, persze ehhez egy ide\u00e1lis elrendez\u00e9s is kell.\u00a0A reggeli k\u00e1v\u00e9z\u00e1st\u00f3l a tavaszi, ny\u00e1resti besz\u00e9lget\u00e9seken \u00e1t a kisebb \u00f6sszej\u00f6vetelekig kihaszn\u00e1lhatjuk. A k\u00f6vetkez\u0151 v\u00e1logat\u00e1sunkban, olyan elad\u00f3 lak\u00e1sokat v\u00e1logattunk \u00f6ssze, ahol a<\/p>\n","protected":false},"author":3,"featured_media":2419,"comment_status":"closed","ping_status":"closed","sticky":false,"template":"","format":"standard","meta":[],"categories":[1],"tags":[381,451,2,53,13,343,92],"_links":{"self":[{"href":"https:\/\/koltozzbe.hu\/tartalom\/wp-json\/wp\/v2\/posts\/2412"}],"collection":[{"href":"https:\/\/koltozzbe.hu\/tartalom\/wp-json\/wp\/v2\/posts"}],"about":[{"href":"https:\/\/koltozzbe.hu\/tartalom\/wp-json\/wp\/v2\/types\/post"}],"author":[{"embeddable":true,"href":"https:\/\/koltozzbe.hu\/tartalom\/wp-json\/wp\/v2\/users\/3"}],"replies":[{"embeddable":true,"href":"https:\/\/koltozzbe.hu\/tartalom\/wp-json\/wp\/v2\/comments?post=2412"}],"version-history":[{"count":3,"href":"https:\/\/koltozzbe.hu\/tartalom\/wp-json\/wp\/v2\/posts\/2412\/revisions"}],"predecessor-version":[{"id":2421,"href":"https:\/\/koltozzbe.hu\/tartalom\/wp-json\/wp\/v2\/posts\/2412\/revisions\/2421"}],"wp:featuredmedia":[{"embeddable":true,"href":"https:\/\/koltozzbe.hu\/tartalom\/wp-json\/wp\/v2\/media\/2419"}],"wp:attachment":[{"href":"https:\/\/koltozzbe.hu\/tartalom\/wp-json\/wp\/v2\/media?parent=2412"}],"wp:term":[{"taxonomy":"category","embeddable":true,"href":"https:\/\/koltozzbe.hu\/tartalom\/wp-json\/wp\/v2\/categories?post=2412"},{"taxonomy":"post_tag","embeddable":true,"href":"https:\/\/koltozzbe.hu\/tartalom\/wp-json\/wp\/v2\/tags?post=2412"}],"curies":[{"name":"wp","href":"https:\/\/api.w.org\/{rel}","templated":true}]}}