{"id":2298,"date":"2021-01-11T21:34:00","date_gmt":"2021-01-11T19:34:00","guid":{"rendered":"http:\/\/koltozzbe.hu\/tartalom\/?p=2298"},"modified":"2021-01-11T21:34:00","modified_gmt":"2021-01-11T19:34:00","slug":"a-letisztult-skandinav-stilus","status":"publish","type":"post","link":"https:\/\/koltozzbe.hu\/tartalom\/a-letisztult-skandinav-stilus\/","title":{"rendered":"A letisztult skandin\u00e1v st\u00edlus"},"content":{"rendered":"<p><strong>A skandin\u00e1v st\u00edlus a lakberendez\u00e9sben harmonikus \u00e9s rendezett. Az egyik legfontosabb ir\u00e1nyvonala az egyszer\u0171s\u00e9g, ami nem egyenl\u0151 a minimalizmussal. Jellemzik a vil\u00e1gos b\u00fatorok, a t\u00e1gas \u00e9s vil\u00e1gos terek, musz\u00e1j f\u00e9nyt csemp\u00e9szni ezekbe az otthonokba, hiszen a skandin\u00e1v orsz\u00e1gokban h\u00f3napokig keveset s\u00fct a nap. Ebben a st\u00edlusban sz\u00edvesen haszn\u00e1lj\u00e1k a term\u00e9szet sz\u00edneit \u00e9s burkolatait.\u00a0<\/strong><\/p>\n<h2>Jellemz\u0151 sz\u00ednei<\/h2>\n<p>Egy skandin\u00e1v st\u00edlus\u00fa otthonban a nat\u00far, visszafogott alapsz\u00edn\u0171 b\u00fatorokat sz\u00ednes text\u00edli\u00e1kkal tehetj\u00fck mozgalmasabb\u00e1. Hogy otthonosabb\u00e1 tegy\u00fck haszn\u00e1ljunk puha, mint\u00e1s text\u00edli\u00e1kat, sz\u00ednes kieg\u00e9sz\u00edt\u0151ket \u00e9s elmaradhatatlan t\u00e1rsa a z\u00f6ld n\u00f6v\u00e9nyzet. A kieg\u00e9sz\u00edt\u0151k is term\u00e9szetbar\u00e1t anyagokb\u00f3l k\u00e9sz\u00fclnek, fonott kosarak, \u00fcveg \u00e9s ker\u00e1mia d\u00edszt\u00e1rgyak, melyek minden esetben a funkcionalit\u00e1sra t\u00f6rekednek. Rendk\u00edv\u00fcl j\u00f3l megf\u00e9r egym\u00e1s mellett a vintage st\u00edlussal, csemp\u00e9szhet\u00fcnk egy k\u00e9t kopottabb b\u00fatort is az otthonunkba.<\/p>\n<h2>F\u00e9nyforr\u00e1sok<\/h2>\n<p>Az egyik legfontosabb ezekben az otthonokban a vil\u00e1g\u00edt\u00e1s. Szeretik a k\u00fcl\u00f6nf\u00e9le f\u00e9nyforr\u00e1sokat, \u00e1ll\u00f3 \u00e9s f\u00fcgg\u0151 l\u00e1mp\u00e1kat, m\u00e9cseseket, gyerty\u00e1kat.<\/p>\n<p><span class=\"link-removed\" data-old-href=\"https:\/\/koltozzbe.hu\/elado-teglalakas-budapest-viii-kerulet\/h8737214\"><img loading=\"lazy\" class=\"size-full wp-image-2299 aligncenter\" src=\"https:\/\/koltozzbe.hu\/tartalom\/wp-content\/uploads\/2021\/01\/skandinavlakas.jpg\" alt=\"\" width=\"640\" height=\"426\" srcset=\"https:\/\/koltozzbe.hu\/tartalom\/wp-content\/uploads\/2021\/01\/skandinavlakas.jpg 640w, https:\/\/koltozzbe.hu\/tartalom\/wp-content\/uploads\/2021\/01\/skandinavlakas-300x200.jpg 300w\" sizes=\"(max-width: 640px) 100vw, 640px\" \/><\/span><\/p>\n<p><em>Ebben az 1878-ban \u00e9p\u00edtett t\u00e9gla \u00e9p\u00fcletben, a Blaha Lujza t\u00e9r mellett, egy ig\u00e9nyesen berendezett <span class=\"link-removed\" data-old-href=\"https:\/\/koltozzbe.hu\/elado-teglalakas-budapest-viii-kerulet\/h8737214\">skandin\u00e1v st\u00edlus\u00fa lak\u00e1s<\/span>t k\u00edn\u00e1lnak elad\u00e1sra. A st\u00edlusra jellemz\u0151 sz\u00ednvil\u00e1g figyelhet\u0151 meg, feh\u00e9r \u00e9s sz\u00fcrke b\u00fatorok, feh\u00e9r falak sz\u00ednes textilekkel vegy\u00edtve. <\/em><\/p>\n<p><span class=\"link-removed\" data-old-href=\"https:\/\/koltozzbe.hu\/elado-teglalakas-budapest-vii-kerulet\/h8643866\"><img loading=\"lazy\" class=\"size-full wp-image-2300 aligncenter\" src=\"https:\/\/koltozzbe.hu\/tartalom\/wp-content\/uploads\/2021\/01\/skandinavlakas1.jpg\" alt=\"\" width=\"800\" height=\"533\" srcset=\"https:\/\/koltozzbe.hu\/tartalom\/wp-content\/uploads\/2021\/01\/skandinavlakas1.jpg 800w, https:\/\/koltozzbe.hu\/tartalom\/wp-content\/uploads\/2021\/01\/skandinavlakas1-300x200.jpg 300w, https:\/\/koltozzbe.hu\/tartalom\/wp-content\/uploads\/2021\/01\/skandinavlakas1-768x512.jpg 768w\" sizes=\"(max-width: 800px) 100vw, 800px\" \/><\/span><\/p>\n<p><em>A belv\u00e1ros egyik legkedveltebb utc\u00e1j\u00e1ban, a Doh\u00e1ny utc\u00e1ban elad\u00f3 ez a letisztult skandin\u00e1v st\u00edlus\u00fa, pazar eloszt\u00e1s\u00fa ingatlan. Ezek a nagypolg\u00e1ri lak\u00e1sok remek\u00fcl berendezhet\u0151ek erre a st\u00edlusra, a nagy belmagass\u00e1g passzol hozz\u00e1.<br \/>\n<\/em><\/p>\n<p>A skandin\u00e1v st\u00edlus\u00fa lak\u00e1sok az \u00e9lhet\u0151s\u00e9r\u0151l sz\u00f3lnak. A legk\u00e9nyelmesebben dolgozz otthonr\u00f3l, a csal\u00e1d j\u00f3l \u00e9rezze mag\u00e1t benne, de bar\u00e1ti \u00f6sszej\u00f6vetelekn\u00e9l is haszn\u00e1lhat\u00f3 legyen. A b\u00fatorok sokszor t\u00f6bb funkci\u00f3t is ell\u00e1tnak, esetleg b\u0151v\u00edthet\u0151k. Nem t\u00f6rekednek a f\u00e9ny\u0171z\u00e9sre, nincsenek csillog\u00f3 konyh\u00e1k, viszont van praktikus munkav\u00e9gz\u00e9s \u00e9s t\u00f6k\u00e9letes f\u0151z\u0151helyis\u00e9g. Nem zs\u00fafolj\u00e1k tele a szob\u00e1kat, ink\u00e1bb p\u00e1r b\u00fatordarab van egy helyis\u00e9gben.<\/p>\n<p><span class=\"link-removed\" data-old-href=\"https:\/\/koltozzbe.hu\/elado-teglalakas-szentendre\/h8848259\"><img loading=\"lazy\" class=\"size-large wp-image-2302 aligncenter\" src=\"https:\/\/koltozzbe.hu\/tartalom\/wp-content\/uploads\/2021\/01\/1e5dc67775b79efda735c1d8b6b276-1024x546.jpg\" alt=\"\" width=\"640\" height=\"341\" srcset=\"https:\/\/koltozzbe.hu\/tartalom\/wp-content\/uploads\/2021\/01\/1e5dc67775b79efda735c1d8b6b276-1024x546.jpg 1024w, https:\/\/koltozzbe.hu\/tartalom\/wp-content\/uploads\/2021\/01\/1e5dc67775b79efda735c1d8b6b276-300x160.jpg 300w, https:\/\/koltozzbe.hu\/tartalom\/wp-content\/uploads\/2021\/01\/1e5dc67775b79efda735c1d8b6b276-768x410.jpg 768w, https:\/\/koltozzbe.hu\/tartalom\/wp-content\/uploads\/2021\/01\/1e5dc67775b79efda735c1d8b6b276-1170x624.jpg 1170w, https:\/\/koltozzbe.hu\/tartalom\/wp-content\/uploads\/2021\/01\/1e5dc67775b79efda735c1d8b6b276.jpg 1920w\" sizes=\"(max-width: 640px) 100vw, 640px\" \/><\/span><\/p>\n<p><em>Szentendre belv\u00e1ros\u00e1t\u00f3l \u00f6t percnyi t\u00e1vols\u00e1gra elad\u00f3 ez a t\u00e1gas \u00e9s vil\u00e1gos<span class=\"link-removed\" data-old-href=\"https:\/\/koltozzbe.hu\/elado-teglalakas-szentendre\/h8848259\"> t\u00e9gla lak\u00e1s<\/span>.\u00a0 A lak\u00e1s szintenk\u00e9nt gal\u00e9ri\u00e1zott \u00e9s igazi ritkas\u00e1g, hogy h\u00e1rom erk\u00e9lye is van. A burkolatok, ny\u00edl\u00e1sz\u00e1r\u00f3k, konyha kialak\u00edt\u00e1sa skandin\u00e1v\u00a0 st\u00edlus\u00fa.<\/em><\/p>\n<p>&nbsp;<\/p>\n<p>&nbsp;<\/p>\n<p>&nbsp;<\/p>\n<p>&nbsp;<\/p>\n<p>&nbsp;<\/p>\n","protected":false},"excerpt":{"rendered":"<p>A skandin\u00e1v st\u00edlus a lakberendez\u00e9sben harmonikus \u00e9s rendezett. Az egyik legfontosabb ir\u00e1nyvonala az egyszer\u0171s\u00e9g, ami nem egyenl\u0151 a minimalizmussal. Jellemzik a vil\u00e1gos b\u00fatorok, a t\u00e1gas \u00e9s vil\u00e1gos terek, musz\u00e1j f\u00e9nyt csemp\u00e9szni ezekbe az otthonokba, hiszen a skandin\u00e1v orsz\u00e1gokban h\u00f3napokig keveset s\u00fct a nap. Ebben a st\u00edlusban sz\u00edvesen haszn\u00e1lj\u00e1k a term\u00e9szet<\/p>\n","protected":false},"author":3,"featured_media":2299,"comment_status":"closed","ping_status":"closed","sticky":false,"template":"","format":"standard","meta":[],"categories":[1],"tags":[18,5,3,190,2,435,13,116],"_links":{"self":[{"href":"https:\/\/koltozzbe.hu\/tartalom\/wp-json\/wp\/v2\/posts\/2298"}],"collection":[{"href":"https:\/\/koltozzbe.hu\/tartalom\/wp-json\/wp\/v2\/posts"}],"about":[{"href":"https:\/\/koltozzbe.hu\/tartalom\/wp-json\/wp\/v2\/types\/post"}],"author":[{"embeddable":true,"href":"https:\/\/koltozzbe.hu\/tartalom\/wp-json\/wp\/v2\/users\/3"}],"replies":[{"embeddable":true,"href":"https:\/\/koltozzbe.hu\/tartalom\/wp-json\/wp\/v2\/comments?post=2298"}],"version-history":[{"count":3,"href":"https:\/\/koltozzbe.hu\/tartalom\/wp-json\/wp\/v2\/posts\/2298\/revisions"}],"predecessor-version":[{"id":2304,"href":"https:\/\/koltozzbe.hu\/tartalom\/wp-json\/wp\/v2\/posts\/2298\/revisions\/2304"}],"wp:featuredmedia":[{"embeddable":true,"href":"https:\/\/koltozzbe.hu\/tartalom\/wp-json\/wp\/v2\/media\/2299"}],"wp:attachment":[{"href":"https:\/\/koltozzbe.hu\/tartalom\/wp-json\/wp\/v2\/media?parent=2298"}],"wp:term":[{"taxonomy":"category","embeddable":true,"href":"https:\/\/koltozzbe.hu\/tartalom\/wp-json\/wp\/v2\/categories?post=2298"},{"taxonomy":"post_tag","embeddable":true,"href":"https:\/\/koltozzbe.hu\/tartalom\/wp-json\/wp\/v2\/tags?post=2298"}],"curies":[{"name":"wp","href":"https:\/\/api.w.org\/{rel}","templated":true}]}}