{"id":2260,"date":"2020-12-07T12:01:42","date_gmt":"2020-12-07T10:01:42","guid":{"rendered":"http:\/\/koltozzbe.hu\/tartalom\/?p=2260"},"modified":"2020-12-07T12:01:42","modified_gmt":"2020-12-07T10:01:42","slug":"kukkoljunk-be-elado-csalad-hazak-kivul-es-belul","status":"publish","type":"post","link":"https:\/\/koltozzbe.hu\/tartalom\/kukkoljunk-be-elado-csalad-hazak-kivul-es-belul\/","title":{"rendered":"Kukkoljunk be! Elad\u00f3 csal\u00e1d h\u00e1zak k\u00edv\u00fcl \u00e9s bel\u00fcl"},"content":{"rendered":"<p><strong>Amikor megl\u00e1tsz egy h\u00e1zat, elk\u00e9pzeled milyen lehet bel\u00fclr\u0151l \u00e9s milyen lehet benne lakni. Nagyon sokszor van, hogy egy h\u00e1z k\u00edv\u00fcl sz\u00e9p, de bel\u00fcl rendetlen \u00e9s \u00edzl\u00e9stelen berendez\u00e9s\u0171, de ugyanez ford\u00edtva is megt\u00f6rt\u00e9nhet, k\u00edv\u00fcl m\u00e9g nem siker\u00fclt fel\u00faj\u00edtani, de bel\u00fcl m\u00e1r sz\u00e9p rendezett. Mindenki szeret kukkolni, ebben az \u00f6ssze\u00e1ll\u00edt\u00e1sban olyan ingatlanokat hoztam, amik k\u00edv\u00fcl \u00e9s bel\u00fcl is k\u00fcl\u00f6nlegesek.<\/strong><\/p>\n<p>L\u00e1ssuk az elad\u00f3 csal\u00e1di h\u00e1zakat k\u00edv\u00fcl \u00e9s bel\u00fcl!<\/p>\n<h2><span class=\"link-removed\" data-old-href=\"https:\/\/koltozzbe.hu\/elado-csaladi_haz-budapest-ii-kerulet\/h8756452\">Adyliget<\/span><\/h2>\n<p>Ez a h\u00e1z leny\u0171g\u00f6z\u0151 k\u00edv\u00fcl \u00e9s bel\u00fcl is. Amikor megl\u00e1tod el\u0151sz\u00f6r a nagy ablakokat elk\u00e9pzeled, hogy milyen vil\u00e1gos \u00e9s t\u00e1gas lehet \u00e9s val\u00f3ban az.\u00a0\u00a0K\u00fcl\u00f6nleges \u00e9p\u00edt\u00e9szeti megold\u00e1sainak k\u00f6sz\u00f6nhet\u0151en rendk\u00edv\u00fcl vil\u00e1gos \u00e9s t\u00e1gas terek tal\u00e1lhat\u00f3k a h\u00e1zban. Az alagsori szinten helyet kapott egy wellness r\u00e9szleg szaun\u00e1val pezsg\u0151f\u00fcrd\u0151vel \u00e9s pihen\u0151 szob\u00e1val.\u00a0Az ingatlan t\u00f6bb szak \u00fajs\u00e1gban megjelent, tervez\u00e9s\u00e9ben Ybl-d\u00edjas \u00e9p\u00edt\u00e9sz is k\u00f6zrem\u0171k\u00f6d\u00f6tt.<\/p>\n<p>K\u00edv\u00fcl:<\/p>\n<p><span class=\"link-removed\" data-old-href=\"https:\/\/koltozzbe.hu\/elado-csaladi_haz-budapest-ii-kerulet\/h8756452\"><img loading=\"lazy\" class=\"size-full wp-image-2263 aligncenter\" src=\"https:\/\/koltozzbe.hu\/tartalom\/wp-content\/uploads\/2020\/12\/ii.ker\u00fclet.jpg\" alt=\"\" width=\"640\" height=\"427\" srcset=\"https:\/\/koltozzbe.hu\/tartalom\/wp-content\/uploads\/2020\/12\/ii.ker\u00fclet.jpg 640w, https:\/\/koltozzbe.hu\/tartalom\/wp-content\/uploads\/2020\/12\/ii.ker\u00fclet-300x200.jpg 300w\" sizes=\"(max-width: 640px) 100vw, 640px\" \/><\/span><\/p>\n<p>Bel\u00fcl:<\/p>\n<p><span class=\"link-removed\" data-old-href=\"https:\/\/koltozzbe.hu\/elado-csaladi_haz-budapest-ii-kerulet\/h8756452\"><img loading=\"lazy\" class=\"size-full wp-image-2264 aligncenter\" src=\"https:\/\/koltozzbe.hu\/tartalom\/wp-content\/uploads\/2020\/12\/ii.ker\u00fclet2.jpg\" alt=\"\" width=\"640\" height=\"427\" srcset=\"https:\/\/koltozzbe.hu\/tartalom\/wp-content\/uploads\/2020\/12\/ii.ker\u00fclet2.jpg 640w, https:\/\/koltozzbe.hu\/tartalom\/wp-content\/uploads\/2020\/12\/ii.ker\u00fclet2-300x200.jpg 300w\" sizes=\"(max-width: 640px) 100vw, 640px\" \/><\/span><\/p>\n<h2><span class=\"link-removed\" data-old-href=\"https:\/\/koltozzbe.hu\/elado-csaladi_haz-esztergom\/h8865874\">Esztergom<\/span><\/h2>\n<p>Term\u00e9szetk\u00f6zeli hangulatban, modern hangulat\u00fa villa elad\u00f3 a Dunakanyarban. Az \u00e9p\u00fclet egyedi hangulat\u00fa mind k\u00fclt\u00e9ren, mind belt\u00e9ren.\u00a0Az \u00faj tulajdonost rengeteg \u00faj \u00e9s egyedileg k\u00e9sz\u00edtett b\u00fator v\u00e1rja, az emeleti cser\u00e9pk\u00e1lyh\u00e1k mellett elektromos f\u0171t\u00e9s meleg\u00edti a t\u00e9li hidegben a lak\u00f3kat. Bels\u0151 berendez\u00e9s\u00e9t tekintve l\u00e1tszik, hogy jelenleg nem lakj\u00e1k.<\/p>\n<p>K\u00edv\u00fcl:<\/p>\n<p><span class=\"link-removed\" data-old-href=\"https:\/\/koltozzbe.hu\/elado-csaladi_haz-esztergom\/h8865874\"><img loading=\"lazy\" class=\"size-large wp-image-2265 aligncenter\" src=\"https:\/\/koltozzbe.hu\/tartalom\/wp-content\/uploads\/2020\/12\/esztergom-1024x682.jpg\" alt=\"\" width=\"640\" height=\"426\" srcset=\"https:\/\/koltozzbe.hu\/tartalom\/wp-content\/uploads\/2020\/12\/esztergom.jpg 1024w, https:\/\/koltozzbe.hu\/tartalom\/wp-content\/uploads\/2020\/12\/esztergom-300x200.jpg 300w, https:\/\/koltozzbe.hu\/tartalom\/wp-content\/uploads\/2020\/12\/esztergom-768x512.jpg 768w\" sizes=\"(max-width: 640px) 100vw, 640px\" \/><\/span><\/p>\n<p>Bel\u00fcl:<\/p>\n<p><span class=\"link-removed\" data-old-href=\"https:\/\/koltozzbe.hu\/elado-csaladi_haz-esztergom\/h8865874\"><img loading=\"lazy\" class=\"size-large wp-image-2266 aligncenter\" src=\"https:\/\/koltozzbe.hu\/tartalom\/wp-content\/uploads\/2020\/12\/esztergom1-1024x682.jpg\" alt=\"\" width=\"640\" height=\"426\" srcset=\"https:\/\/koltozzbe.hu\/tartalom\/wp-content\/uploads\/2020\/12\/esztergom1.jpg 1024w, https:\/\/koltozzbe.hu\/tartalom\/wp-content\/uploads\/2020\/12\/esztergom1-300x200.jpg 300w, https:\/\/koltozzbe.hu\/tartalom\/wp-content\/uploads\/2020\/12\/esztergom1-768x512.jpg 768w\" sizes=\"(max-width: 640px) 100vw, 640px\" \/><\/span><\/p>\n<h2><span class=\"link-removed\" data-old-href=\"https:\/\/koltozzbe.hu\/elado-csaladi_haz-budakalasz\/h8892966\">Budakal\u00e1sz<\/span><\/h2>\n<p>M\u00e1r kintr\u0151l l\u00e1tszik milyen k\u00fcl\u00f6nleges ez az ingatlan. A bels\u0151 elrendez\u00e9se leny\u0171g\u00f6z\u0151.\u00a0Budakal\u00e1szon, a\u00a0 Szentistv\u00e1ntelepen elad\u00f3 egy 2000-ben \u00e9p\u00fclt Makovecz Imre tan\u00edtv\u00e1nya \u00e1ltal tervezett egyedi kivitelez\u00e9s\u0171 gy\u00f6ny\u00f6r\u0171 csal\u00e1di h\u00e1z. Term\u00e9szetk\u00f6zeli hangulat jellemzi, \u00e9s megfigyelhet\u0151ek az organikus \u00e9p\u00edt\u00e9szet elemei.<\/p>\n<p>K\u00edv\u00fcl:<\/p>\n<p><span class=\"link-removed\" data-old-href=\"https:\/\/koltozzbe.hu\/elado-csaladi_haz-budakalasz\/h8892966\"><img loading=\"lazy\" class=\"alignnone size-full wp-image-2267 aligncenter\" src=\"https:\/\/koltozzbe.hu\/tartalom\/wp-content\/uploads\/2020\/12\/budalal\u00e1sz2.jpg\" alt=\"\" width=\"800\" height=\"600\" srcset=\"https:\/\/koltozzbe.hu\/tartalom\/wp-content\/uploads\/2020\/12\/budalal\u00e1sz2.jpg 800w, https:\/\/koltozzbe.hu\/tartalom\/wp-content\/uploads\/2020\/12\/budalal\u00e1sz2-300x225.jpg 300w, https:\/\/koltozzbe.hu\/tartalom\/wp-content\/uploads\/2020\/12\/budalal\u00e1sz2-768x576.jpg 768w\" sizes=\"(max-width: 800px) 100vw, 800px\" \/><\/span><\/p>\n<p>Bel\u00fcl:<\/p>\n<p><span class=\"link-removed\" data-old-href=\"https:\/\/koltozzbe.hu\/elado-csaladi_haz-budakalasz\/h8892966\"><img loading=\"lazy\" class=\"alignnone size-full wp-image-2268\" src=\"https:\/\/koltozzbe.hu\/tartalom\/wp-content\/uploads\/2020\/12\/budalal\u00e1sz.jpg\" alt=\"\" width=\"800\" height=\"600\" srcset=\"https:\/\/koltozzbe.hu\/tartalom\/wp-content\/uploads\/2020\/12\/budalal\u00e1sz.jpg 800w, https:\/\/koltozzbe.hu\/tartalom\/wp-content\/uploads\/2020\/12\/budalal\u00e1sz-300x225.jpg 300w, https:\/\/koltozzbe.hu\/tartalom\/wp-content\/uploads\/2020\/12\/budalal\u00e1sz-768x576.jpg 768w\" sizes=\"(max-width: 800px) 100vw, 800px\" \/><\/span><\/p>\n<h2><span class=\"link-removed\" data-old-href=\"https:\/\/koltozzbe.hu\/elado-csaladi_haz-velence\/h8849299\">Velence<\/span><\/h2>\n<p>Velenc\u00e9n elad\u00f3 ez a 2003-ban \u00e9p\u00fclt r\u00f6nkh\u00e1z, a Bence-hegyen egy 1537 n\u00e9gyzetm\u00e9teres gondozott, gy\u00f6ny\u00f6r\u0171 telken helyezkedik el, ahol egy h\u00e1rom szint\u0171 t\u00f3, szaletli tal\u00e1lhat\u00f3. K\u00edv\u00fcl tipikus r\u00f6nkh\u00e1z hangulat\u00e1t id\u00e9zi, bel\u00fcl viszont keveredik a st\u00edlus. Tipikus eset amikor nem ezt v\u00e1rn\u00e1nk a els\u0151 r\u00e1n\u00e9z\u00e9sre.<\/p>\n<p>Bels\u0151:<\/p>\n<p><span class=\"link-removed\" data-old-href=\"https:\/\/koltozzbe.hu\/elado-csaladi_haz-velence\/h8849299\"><img loading=\"lazy\" class=\"size-large wp-image-2269 aligncenter\" src=\"https:\/\/koltozzbe.hu\/tartalom\/wp-content\/uploads\/2020\/12\/szigetszentmikl\u00f3s1-1024x460.jpg\" alt=\"\" width=\"640\" height=\"288\" srcset=\"https:\/\/koltozzbe.hu\/tartalom\/wp-content\/uploads\/2020\/12\/szigetszentmikl\u00f3s1.jpg 1024w, https:\/\/koltozzbe.hu\/tartalom\/wp-content\/uploads\/2020\/12\/szigetszentmikl\u00f3s1-300x135.jpg 300w, https:\/\/koltozzbe.hu\/tartalom\/wp-content\/uploads\/2020\/12\/szigetszentmikl\u00f3s1-768x345.jpg 768w\" sizes=\"(max-width: 640px) 100vw, 640px\" \/><\/span><\/p>\n<p>Bel\u00fcl:<\/p>\n<p><span class=\"link-removed\" data-old-href=\"https:\/\/koltozzbe.hu\/elado-csaladi_haz-velence\/h8849299\"><img loading=\"lazy\" class=\"alignnone size-full wp-image-2270 aligncenter\" src=\"https:\/\/koltozzbe.hu\/tartalom\/wp-content\/uploads\/2020\/12\/szigetszentmikl\u00f3s.jpg\" alt=\"\" width=\"1000\" height=\"602\" srcset=\"https:\/\/koltozzbe.hu\/tartalom\/wp-content\/uploads\/2020\/12\/szigetszentmikl\u00f3s.jpg 1000w, https:\/\/koltozzbe.hu\/tartalom\/wp-content\/uploads\/2020\/12\/szigetszentmikl\u00f3s-300x181.jpg 300w, https:\/\/koltozzbe.hu\/tartalom\/wp-content\/uploads\/2020\/12\/szigetszentmikl\u00f3s-768x462.jpg 768w\" sizes=\"(max-width: 1000px) 100vw, 1000px\" \/><\/span><\/p>\n<h2><span class=\"link-removed\" data-old-href=\"https:\/\/koltozzbe.hu\/elado-csaladi_haz-lenti\/h8833246\">Lenti<\/span><\/h2>\n<p>Lentiben elad\u00f3 egy osztr\u00e1k hegyvid\u00e9ki hangulat\u00fa csal\u00e1di h\u00e1z. K\u00edv\u00fclr\u0151l \u00e1tlagos csal\u00e1di h\u00e1znak t\u0171nik, bel\u00fcl viszont k\u00fcl\u00f6nleges \u00e9s egyedi. A h\u00e1rom szintes r\u00f6nkh\u00e1z egy k\u00f6zel 4300 n\u00e9gyzetm\u00e9teres telken helyezkedik el.<\/p>\n<p>K\u00edv\u00fcl<\/p>\n<p><span class=\"link-removed\" data-old-href=\"https:\/\/koltozzbe.hu\/elado-csaladi_haz-lenti\/h8833246\"><img loading=\"lazy\" class=\"alignnone size-full wp-image-2272\" src=\"https:\/\/koltozzbe.hu\/tartalom\/wp-content\/uploads\/2020\/12\/lenti.jpg\" alt=\"\" width=\"800\" height=\"600\" srcset=\"https:\/\/koltozzbe.hu\/tartalom\/wp-content\/uploads\/2020\/12\/lenti.jpg 800w, https:\/\/koltozzbe.hu\/tartalom\/wp-content\/uploads\/2020\/12\/lenti-300x225.jpg 300w, https:\/\/koltozzbe.hu\/tartalom\/wp-content\/uploads\/2020\/12\/lenti-768x576.jpg 768w\" sizes=\"(max-width: 800px) 100vw, 800px\" \/><\/span><\/p>\n<p>Bel\u00fcl:<\/p>\n<p><span class=\"link-removed\" data-old-href=\"https:\/\/koltozzbe.hu\/elado-csaladi_haz-lenti\/h8833246\"><img loading=\"lazy\" class=\"alignnone size-full wp-image-2273\" src=\"https:\/\/koltozzbe.hu\/tartalom\/wp-content\/uploads\/2020\/12\/lenti1.jpg\" alt=\"\" width=\"800\" height=\"457\" srcset=\"https:\/\/koltozzbe.hu\/tartalom\/wp-content\/uploads\/2020\/12\/lenti1.jpg 800w, https:\/\/koltozzbe.hu\/tartalom\/wp-content\/uploads\/2020\/12\/lenti1-300x171.jpg 300w, https:\/\/koltozzbe.hu\/tartalom\/wp-content\/uploads\/2020\/12\/lenti1-768x439.jpg 768w\" sizes=\"(max-width: 800px) 100vw, 800px\" \/><\/span><\/p>\n","protected":false},"excerpt":{"rendered":"<p>Amikor megl\u00e1tsz egy h\u00e1zat, elk\u00e9pzeled milyen lehet bel\u00fclr\u0151l \u00e9s milyen lehet benne lakni. Nagyon sokszor van, hogy egy h\u00e1z k\u00edv\u00fcl sz\u00e9p, de bel\u00fcl rendetlen \u00e9s \u00edzl\u00e9stelen berendez\u00e9s\u0171, de ugyanez ford\u00edtva is megt\u00f6rt\u00e9nhet, k\u00edv\u00fcl m\u00e9g nem siker\u00fclt fel\u00faj\u00edtani, de bel\u00fcl m\u00e1r sz\u00e9p rendezett. Mindenki szeret kukkolni, ebben az \u00f6ssze\u00e1ll\u00edt\u00e1sban olyan ingatlanokat<\/p>\n","protected":false},"author":3,"featured_media":2273,"comment_status":"closed","ping_status":"closed","sticky":false,"template":"","format":"standard","meta":[],"categories":[1],"tags":[6,102,18,2,13,116],"_links":{"self":[{"href":"https:\/\/koltozzbe.hu\/tartalom\/wp-json\/wp\/v2\/posts\/2260"}],"collection":[{"href":"https:\/\/koltozzbe.hu\/tartalom\/wp-json\/wp\/v2\/posts"}],"about":[{"href":"https:\/\/koltozzbe.hu\/tartalom\/wp-json\/wp\/v2\/types\/post"}],"author":[{"embeddable":true,"href":"https:\/\/koltozzbe.hu\/tartalom\/wp-json\/wp\/v2\/users\/3"}],"replies":[{"embeddable":true,"href":"https:\/\/koltozzbe.hu\/tartalom\/wp-json\/wp\/v2\/comments?post=2260"}],"version-history":[{"count":3,"href":"https:\/\/koltozzbe.hu\/tartalom\/wp-json\/wp\/v2\/posts\/2260\/revisions"}],"predecessor-version":[{"id":2274,"href":"https:\/\/koltozzbe.hu\/tartalom\/wp-json\/wp\/v2\/posts\/2260\/revisions\/2274"}],"wp:featuredmedia":[{"embeddable":true,"href":"https:\/\/koltozzbe.hu\/tartalom\/wp-json\/wp\/v2\/media\/2273"}],"wp:attachment":[{"href":"https:\/\/koltozzbe.hu\/tartalom\/wp-json\/wp\/v2\/media?parent=2260"}],"wp:term":[{"taxonomy":"category","embeddable":true,"href":"https:\/\/koltozzbe.hu\/tartalom\/wp-json\/wp\/v2\/categories?post=2260"},{"taxonomy":"post_tag","embeddable":true,"href":"https:\/\/koltozzbe.hu\/tartalom\/wp-json\/wp\/v2\/tags?post=2260"}],"curies":[{"name":"wp","href":"https:\/\/api.w.org\/{rel}","templated":true}]}}