{"id":2156,"date":"2020-08-10T11:42:39","date_gmt":"2020-08-10T09:42:39","guid":{"rendered":"http:\/\/koltozzbe.hu\/tartalom\/?p=2156"},"modified":"2020-08-10T11:42:39","modified_gmt":"2020-08-10T09:42:39","slug":"a-het-legszebb-ingatlanjai-5","status":"publish","type":"post","link":"https:\/\/koltozzbe.hu\/tartalom\/a-het-legszebb-ingatlanjai-5\/","title":{"rendered":"A h\u00e9t legszebb ingatlanjai"},"content":{"rendered":"<p><strong>A h\u00e9ten \u00fajra elk\u00e9sz\u00edtett\u00fck v\u00e1logat\u00e1sunkat, amibe a h\u00e9t legszebb elad\u00f3 ingatlanjai ker\u00fclhettek bele. A k\u00f6lt\u00f6zzbe.hu ingatlank\u00edn\u00e1lat\u00e1ban sz\u00e1mtalan k\u00fcl\u00f6nleges \u00e9s leny\u0171g\u00f6z\u0151 lak\u00e1st \u00e9s h\u00e1zat tal\u00e1lunk. Ezekb\u0151l \u00f6sszegy\u0171jt\u00f6tt\u00fcnk n\u00e9h\u00e1ny olyan darabot ami kit\u0171nik a t\u00f6bbi k\u00f6z\u00fcl.\u00a0A legszebb ingatlanok k\u00f6z\u00e9 azok a lak\u00e1sok ker\u00fclhetnek, melyek hirdet\u00e9s\u00e9ben j\u00f3 min\u0151s\u00e9g\u0171 k\u00e9pek vannak felt\u00f6ltve, a berendez\u00e9se kreat\u00edv, leny\u0171g\u00f6z\u0151 hangulat\u00fa.<\/strong><\/p>\n<p>A legszebb ingatlanok a h\u00e9ten a k\u00f6vetkez\u0151k:<\/p>\n<h2><a href=\"https:\/\/koltozzbe.hu\/elado-csaladi_haz-tihany\/h8783294\">Makovecz h\u00e1z<\/a><\/h2>\n<p>Tihanyban bukkantunk erre a csod\u00e1s Makovecz st\u00edlus\u00fa h\u00e1zra. Ezekre az organikus \u00e9p\u00edt\u00e9szeti st\u00edlusban l\u00e9trehozott \u00e9p\u00fcletekre jellemz\u0151, hogy a h\u00e1z\u00a0 term\u00e9szetesen \u00e9p\u00fclj\u00f6n be a k\u00f6rnyezet\u00e9be \u00e9s harmoniz\u00e1ljon azzal.\u00a0 Term\u00e9szet k\u00f6zeli k\u00f6rnyezetben a Balaton mellett, fantasztikus panor\u00e1m\u00e1val.\u00a0\u00a0Az ingatlant lombos n\u00f6v\u00e9nyzet veszi k\u00f6r\u00fcl.<\/p>\n<p><a href=\"https:\/\/koltozzbe.hu\/elado-csaladi_haz-tihany\/h8783294\"><img loading=\"lazy\" class=\"size-large wp-image-2160 aligncenter\" src=\"https:\/\/koltozzbe.hu\/tartalom\/wp-content\/uploads\/2020\/08\/makovecz-haz-tihany-1024x549.jpg\" alt=\"\" width=\"640\" height=\"343\" srcset=\"https:\/\/koltozzbe.hu\/tartalom\/wp-content\/uploads\/2020\/08\/makovecz-haz-tihany-1024x549.jpg 1024w, https:\/\/koltozzbe.hu\/tartalom\/wp-content\/uploads\/2020\/08\/makovecz-haz-tihany-300x161.jpg 300w, https:\/\/koltozzbe.hu\/tartalom\/wp-content\/uploads\/2020\/08\/makovecz-haz-tihany-768x412.jpg 768w, https:\/\/koltozzbe.hu\/tartalom\/wp-content\/uploads\/2020\/08\/makovecz-haz-tihany-1170x628.jpg 1170w, https:\/\/koltozzbe.hu\/tartalom\/wp-content\/uploads\/2020\/08\/makovecz-haz-tihany.jpg 1920w\" sizes=\"(max-width: 640px) 100vw, 640px\" \/><\/a><\/p>\n<h2><span class=\"link-removed\" data-old-href=\"https:\/\/koltozzbe.hu\/elado-teglalakas-budapest-v-kerulet\/h8717775\">Nagypolg\u00e1ri lak\u00e1s a V\u00e1ci utc\u00e1ban<\/span><\/h2>\n<p>A f\u0151v\u00e1ros egyik legszebb utc\u00e1j\u00e1ban, a V\u00e1ci utc\u00e1ban k\u00edn\u00e1lj\u00e1k elad\u00e1sra ezt az ig\u00e9nyesen fel\u00faj\u00edtott \u00e9s berendezett nagypolg\u00e1ri lak\u00e1st. A negyedik emeleti lak\u00e1s t\u00e1gas elrendez\u00e9s\u0171 \u00e9s napf\u00e9nyben \u00fasz\u00f3. Befektet\u00e9snek is kiv\u00e1l\u00f3 lehet\u0151s\u00e9g lehet.<\/p>\n<p><span class=\"link-removed\" data-old-href=\"https:\/\/koltozzbe.hu\/elado-teglalakas-budapest-v-kerulet\/h8717775\"><img loading=\"lazy\" class=\"size-full wp-image-2161 aligncenter\" src=\"https:\/\/koltozzbe.hu\/tartalom\/wp-content\/uploads\/2020\/08\/vaci-utca-elado-lakas.jpg\" alt=\"\" width=\"640\" height=\"480\" srcset=\"https:\/\/koltozzbe.hu\/tartalom\/wp-content\/uploads\/2020\/08\/vaci-utca-elado-lakas.jpg 640w, https:\/\/koltozzbe.hu\/tartalom\/wp-content\/uploads\/2020\/08\/vaci-utca-elado-lakas-300x225.jpg 300w\" sizes=\"(max-width: 640px) 100vw, 640px\" \/><\/span><\/p>\n<h2><span class=\"link-removed\" data-old-href=\"https:\/\/koltozzbe.hu\/elado-teglalakas-gyor\/h8783274\">Gy\u0151ri csal\u00e1di f\u00e9szek<\/span><\/h2>\n<p>Gy\u0151rben tal\u00e1lhat\u00f3 ez a k\u00fcl\u00f6nleges csal\u00e1di f\u00e9szek. A 92 n\u00e9gyzetm\u00e9teres lak\u00e1s Gy\u0151r belv\u00e1ros\u00e1ban helyezkedik el.\u00a0Az otthon lakberendez\u00e9si illetve kivitelez\u00e9si szempontb\u00f3l p\u00e1ratlan \u00e9rt\u00e9ket k\u00e9pvisel, egyed\u00fcl\u00e1ll\u00f3 mert az\u00a0 ig\u00e9nyes kivitelez\u00e9st \u00f6tv\u00f6zt\u00e9k a fiatalos lend\u00fclettel egy kiv\u00e1l\u00f3 infrastruktur\u00e1lis adotts\u00e1gokkal rendelkez\u0151 ter\u00fcleten. Kialak\u00edt\u00e1sa minden koroszt\u00e1lynak megfelel\u0151, praktikus, \u00e9s csal\u00e1dias elrendez\u00e9s\u0171. Tele van olyan apr\u00f3 r\u00e9szlettel amire felkapjuk a fej\u00fcnket, hogy milyen j\u00f3 \u00f6tlet, \u00e9rdemes v\u00e9gig n\u00e9zni a hirdet\u00e9s <span class=\"link-removed\" data-old-href=\"https:\/\/koltozzbe.hu\/elado-teglalakas-gyor\/h8783274\">k\u00e9peit<\/span>.<\/p>\n<p><span class=\"link-removed\" data-old-href=\"https:\/\/koltozzbe.hu\/elado-teglalakas-gyor\/h8783274\"><img loading=\"lazy\" class=\"size-large wp-image-2162 aligncenter\" src=\"https:\/\/koltozzbe.hu\/tartalom\/wp-content\/uploads\/2020\/08\/gy\u00f6ri-haz-1024x683.jpg\" alt=\"\" width=\"640\" height=\"427\" srcset=\"https:\/\/koltozzbe.hu\/tartalom\/wp-content\/uploads\/2020\/08\/gy\u00f6ri-haz-1024x683.jpg 1024w, https:\/\/koltozzbe.hu\/tartalom\/wp-content\/uploads\/2020\/08\/gy\u00f6ri-haz-300x200.jpg 300w, https:\/\/koltozzbe.hu\/tartalom\/wp-content\/uploads\/2020\/08\/gy\u00f6ri-haz-768x512.jpg 768w, https:\/\/koltozzbe.hu\/tartalom\/wp-content\/uploads\/2020\/08\/gy\u00f6ri-haz-1170x780.jpg 1170w, https:\/\/koltozzbe.hu\/tartalom\/wp-content\/uploads\/2020\/08\/gy\u00f6ri-haz.jpg 1620w\" sizes=\"(max-width: 640px) 100vw, 640px\" \/><\/span><\/p>\n<h2><span class=\"link-removed\" data-old-href=\"https:\/\/koltozzbe.hu\/elado-teglalakas-budapest-xiii-kerulet\/h8670218\">Zongor\u00e1zzunk vagy f\u0151zz\u00fcnk?<\/span><\/h2>\n<p>Egyedi \u00f6tletekkel tark\u00edtott, ig\u00e9nyesen fel\u00faj\u00edtott lak\u00e1st k\u00edn\u00e1lnak \u00dajlip\u00f3tv\u00e1rosban. Nagyon megfogott az \u00e1talak\u00edtott zongora ami a konyha r\u00e9szek\u00e9nt funkcion\u00e1l. Azoknak akik szeretik a k\u00fcl\u00f6nleges hangulat\u00fa lak\u00e1sokat t\u00f6k\u00e9letes v\u00e1laszt\u00e1s.<\/p>\n<p><span class=\"link-removed\" data-old-href=\"https:\/\/koltozzbe.hu\/elado-teglalakas-budapest-xiii-kerulet\/h8670218\"><img loading=\"lazy\" class=\"size-full wp-image-2163 aligncenter\" src=\"https:\/\/koltozzbe.hu\/tartalom\/wp-content\/uploads\/2020\/08\/belv\u00e1rosi-lak\u00e1s.jpg\" alt=\"\" width=\"640\" height=\"426\" srcset=\"https:\/\/koltozzbe.hu\/tartalom\/wp-content\/uploads\/2020\/08\/belv\u00e1rosi-lak\u00e1s.jpg 640w, https:\/\/koltozzbe.hu\/tartalom\/wp-content\/uploads\/2020\/08\/belv\u00e1rosi-lak\u00e1s-300x200.jpg 300w\" sizes=\"(max-width: 640px) 100vw, 640px\" \/><\/span><\/p>\n<h2><span class=\"link-removed\" data-old-href=\"https:\/\/koltozzbe.hu\/elado-csaladi_haz-kismaros\/h8801520\">Erdei h\u00e1z<\/span><\/h2>\n<p>Meseszer\u0171 k\u00f6rnyezetben elad\u00f3 ez a sz\u00e9p gerendah\u00e1z. Ide el lehet menek\u00fclni a vil\u00e1g zaj\u00e1t\u00f3l, a nyolcvan \u00e9ves t\u00f6lgyerd\u0151 remek helysz\u00ednt biztos\u00edt az \u00fatkeres\u00e9shez. A h\u00e1z nagy odafigyel\u00e9ssel kivitelezett \u00e9s eszt\u00e9tikus burkolataival is a term\u00e9szetess\u00e9gre t\u00f6rekszik.<\/p>\n<p><span class=\"link-removed\" data-old-href=\"https:\/\/koltozzbe.hu\/elado-csaladi_haz-kismaros\/h8801520\"><img loading=\"lazy\" class=\"size-large wp-image-2164 aligncenter\" src=\"https:\/\/koltozzbe.hu\/tartalom\/wp-content\/uploads\/2020\/08\/972d86667d6037039a4b5db4e66085-1024x577.jpg\" alt=\"\" width=\"640\" height=\"361\" srcset=\"https:\/\/koltozzbe.hu\/tartalom\/wp-content\/uploads\/2020\/08\/972d86667d6037039a4b5db4e66085.jpg 1024w, https:\/\/koltozzbe.hu\/tartalom\/wp-content\/uploads\/2020\/08\/972d86667d6037039a4b5db4e66085-300x169.jpg 300w, https:\/\/koltozzbe.hu\/tartalom\/wp-content\/uploads\/2020\/08\/972d86667d6037039a4b5db4e66085-768x433.jpg 768w\" sizes=\"(max-width: 640px) 100vw, 640px\" \/><\/span><\/p>\n<h2><span class=\"link-removed\" data-old-href=\"https:\/\/koltozzbe.hu\/elado-csaladi_haz-dunakeszi\/h8800646\">Mediterr\u00e1n h\u00e1z Dunakeszin<\/span><\/h2>\n<p>Dunakeszin elad\u00f3 ez a mediterr\u00e1n st\u00edlus\u00fa csal\u00e1di h\u00e1z, ami ak\u00e1r Toscan\u00e1ban is \u00e1llhatna, annyira visszaadja a mediterr\u00e1n \u00e9let\u00e9rz\u00e9st. A 240 n\u00e9gyzetm\u00e9teres otthon 1996-ban \u00e9p\u00fclt \u00e9s folyamatosan karbantartott.<\/p>\n<p><span class=\"link-removed\" data-old-href=\"https:\/\/koltozzbe.hu\/elado-csaladi_haz-dunakeszi\/h8800646\"><img loading=\"lazy\" class=\"size-large wp-image-2165 aligncenter\" src=\"https:\/\/koltozzbe.hu\/tartalom\/wp-content\/uploads\/2020\/08\/dunakeszi-elado-haz-1024x683.jpg\" alt=\"\" width=\"640\" height=\"427\" srcset=\"https:\/\/koltozzbe.hu\/tartalom\/wp-content\/uploads\/2020\/08\/dunakeszi-elado-haz.jpg 1024w, https:\/\/koltozzbe.hu\/tartalom\/wp-content\/uploads\/2020\/08\/dunakeszi-elado-haz-300x200.jpg 300w, https:\/\/koltozzbe.hu\/tartalom\/wp-content\/uploads\/2020\/08\/dunakeszi-elado-haz-768x512.jpg 768w\" sizes=\"(max-width: 640px) 100vw, 640px\" \/><\/span><\/p>\n","protected":false},"excerpt":{"rendered":"<p>A h\u00e9ten \u00fajra elk\u00e9sz\u00edtett\u00fck v\u00e1logat\u00e1sunkat, amibe a h\u00e9t legszebb elad\u00f3 ingatlanjai ker\u00fclhettek bele. A k\u00f6lt\u00f6zzbe.hu ingatlank\u00edn\u00e1lat\u00e1ban sz\u00e1mtalan k\u00fcl\u00f6nleges \u00e9s leny\u0171g\u00f6z\u0151 lak\u00e1st \u00e9s h\u00e1zat tal\u00e1lunk. Ezekb\u0151l \u00f6sszegy\u0171jt\u00f6tt\u00fcnk n\u00e9h\u00e1ny olyan darabot ami kit\u0171nik a t\u00f6bbi k\u00f6z\u00fcl.\u00a0A legszebb ingatlanok k\u00f6z\u00e9 azok a lak\u00e1sok ker\u00fclhetnek, melyek hirdet\u00e9s\u00e9ben j\u00f3 min\u0151s\u00e9g\u0171 k\u00e9pek vannak felt\u00f6ltve, a berendez\u00e9se<\/p>\n","protected":false},"author":3,"featured_media":2163,"comment_status":"closed","ping_status":"closed","sticky":false,"template":"","format":"standard","meta":[],"categories":[1],"tags":[250,107,34,6,102,105],"_links":{"self":[{"href":"https:\/\/koltozzbe.hu\/tartalom\/wp-json\/wp\/v2\/posts\/2156"}],"collection":[{"href":"https:\/\/koltozzbe.hu\/tartalom\/wp-json\/wp\/v2\/posts"}],"about":[{"href":"https:\/\/koltozzbe.hu\/tartalom\/wp-json\/wp\/v2\/types\/post"}],"author":[{"embeddable":true,"href":"https:\/\/koltozzbe.hu\/tartalom\/wp-json\/wp\/v2\/users\/3"}],"replies":[{"embeddable":true,"href":"https:\/\/koltozzbe.hu\/tartalom\/wp-json\/wp\/v2\/comments?post=2156"}],"version-history":[{"count":4,"href":"https:\/\/koltozzbe.hu\/tartalom\/wp-json\/wp\/v2\/posts\/2156\/revisions"}],"predecessor-version":[{"id":2166,"href":"https:\/\/koltozzbe.hu\/tartalom\/wp-json\/wp\/v2\/posts\/2156\/revisions\/2166"}],"wp:featuredmedia":[{"embeddable":true,"href":"https:\/\/koltozzbe.hu\/tartalom\/wp-json\/wp\/v2\/media\/2163"}],"wp:attachment":[{"href":"https:\/\/koltozzbe.hu\/tartalom\/wp-json\/wp\/v2\/media?parent=2156"}],"wp:term":[{"taxonomy":"category","embeddable":true,"href":"https:\/\/koltozzbe.hu\/tartalom\/wp-json\/wp\/v2\/categories?post=2156"},{"taxonomy":"post_tag","embeddable":true,"href":"https:\/\/koltozzbe.hu\/tartalom\/wp-json\/wp\/v2\/tags?post=2156"}],"curies":[{"name":"wp","href":"https:\/\/api.w.org\/{rel}","templated":true}]}}