{"id":1665,"date":"2019-10-15T16:16:09","date_gmt":"2019-10-15T14:16:09","guid":{"rendered":"http:\/\/koltozzbe.hu\/tartalom\/?p=1665"},"modified":"2019-10-17T16:40:02","modified_gmt":"2019-10-17T14:40:02","slug":"felujitott-panellakas-lehet-jol-csinalni","status":"publish","type":"post","link":"https:\/\/koltozzbe.hu\/tartalom\/felujitott-panellakas-lehet-jol-csinalni\/","title":{"rendered":"Fel\u00faj\u00edtott panellak\u00e1s &#8211; lehet j\u00f3l csin\u00e1lni!"},"content":{"rendered":"<p>Sok \u00e9rv sz\u00f3lhat a panellak\u00e1sok mellett: a j\u00f3 megk\u00f6zel\u00edthet\u0151s\u00e9g, az elsz\u00e1llt ingatlan\u00e1rak, szuper infrastrukt\u00fara&#8230; A panelek m\u00e1r egyre kev\u00e9sb\u00e9 kullognak a lista v\u00e9g\u00e9n, ha arr\u00f3l van sz\u00f3, hogy hova k\u00f6lt\u00f6zn\u00e9nek sz\u00edvesen az emberek. Ennek ellen\u00e9re sok leharcolt ingatlan van m\u00e9g a piacon, pedig egy okosan fel\u00faj\u00edtott panellak\u00e1s sok \u00e9letszakaszra ny\u00fajthat megold\u00e1st \u00e9s a p\u00e9nzt\u00e1rc\u00e1t is k\u00edm\u00e9li.<\/p>\n<p>Heti v\u00e1logat\u00e1sunkban olyan <a href=\"https:\/\/koltozzbe.hu\/elado-panellakas?p=150\">fel\u00faj\u00edtott panellak\u00e1s<\/a>okat hoztunk, amelyeket j\u00f3 \u00edzl\u00e9ssel \u00e9s praktikusan alak\u00edtottak \u00e1t, betartva a <a href=\"https:\/\/maxapro.hu\/budapest\/felujitas-okosan-tippek-es-jo-tanacsok-4753491#.XaXAZugzaUk\">lak\u00e1sfel\u00faj\u00edt\u00e1s<\/a> aranyszab\u00e1lyait.<\/p>\n<h2><span class=\"link-removed\" data-old-href=\"https:\/\/koltozzbe.hu\/elado-panellakas-debrecen\/h8311071\">Teljesen fel\u00faj\u00edtott modern lak\u00e1s Debrecenben<\/span><\/h2>\n<p><span class=\"link-removed\" data-old-href=\"https:\/\/koltozzbe.hu\/elado-panellakas-debrecen\/h8311071\"><img loading=\"lazy\" class=\"size-full wp-image-1667 aligncenter\" src=\"https:\/\/koltozzbe.hu\/tartalom\/wp-content\/uploads\/2019\/10\/debrecen-panellakas-felujitott-1-szobas.jpg\" alt=\"\" width=\"640\" height=\"480\" srcset=\"https:\/\/koltozzbe.hu\/tartalom\/wp-content\/uploads\/2019\/10\/debrecen-panellakas-felujitott-1-szobas.jpg 640w, https:\/\/koltozzbe.hu\/tartalom\/wp-content\/uploads\/2019\/10\/debrecen-panellakas-felujitott-1-szobas-300x225.jpg 300w\" sizes=\"(max-width: 640px) 100vw, 640px\" \/><\/span><\/p>\n<p>Els\u0151 pillant\u00e1sra azt hitt\u00fck, hogy csak l\u00e1tv\u00e1nytervet l\u00e1tunk, de ezt a 33 m\u00b2-es lak\u00e1st olyan j\u00f3 \u00e9rz\u00e9kkel \u00faj\u00edtott\u00e1k fel, hogy esz\u00fcnkbe sem jutott, hogy panel lehet. Mivel pici az alapter\u00fclet, \u00edgy nagyon okosan sok helyen a feh\u00e9r sz\u00ednt haszn\u00e1lt\u00e1k a nagyobb fel\u00fcletekre. A falak, az ajt\u00f3k, a konyhab\u00fator, s\u0151t a teljes f\u00fcrd\u0151szoba is h\u00f3feh\u00e9r. A kieg\u00e9sz\u00edt\u0151k is ehhez igazodnak, a legt\u00f6bb sz\u00fcrke \u00e9s ez\u00fcst\u00f6s sz\u00edn\u0171. Annak \u00e9rdek\u00e9ben pedig, hogy ne legyen egyhang\u00fa, egy-egy fal mint\u00e1s tap\u00e9t\u00e1t kapott. Nem unalmas, de nem is t\u00fal sok, \u00edgy kell ezt csin\u00e1lni!<\/p>\n<h2><span class=\"link-removed\" data-old-href=\"https:\/\/koltozzbe.hu\/elado-panellakas-budapest-xi-kerulet\/h8509562\">Csal\u00e1di otthon budapesti panelben<\/span><\/h2>\n<p><span class=\"link-removed\" data-old-href=\"https:\/\/koltozzbe.hu\/elado-panellakas-budapest-xi-kerulet\/h8509562\"><img loading=\"lazy\" class=\"size-full wp-image-1669 aligncenter\" src=\"https:\/\/koltozzbe.hu\/tartalom\/wp-content\/uploads\/2019\/10\/felujitott-panellakas-Budapest-11.-kerulet.jpg\" alt=\"\" width=\"640\" height=\"480\" srcset=\"https:\/\/koltozzbe.hu\/tartalom\/wp-content\/uploads\/2019\/10\/felujitott-panellakas-Budapest-11.-kerulet.jpg 640w, https:\/\/koltozzbe.hu\/tartalom\/wp-content\/uploads\/2019\/10\/felujitott-panellakas-Budapest-11.-kerulet-300x225.jpg 300w\" sizes=\"(max-width: 640px) 100vw, 640px\" \/><\/span><\/p>\n<p>Nem egy tipikus panellak\u00e1s a k\u00f6vetkez\u0151 v\u00e1laszt\u00e1sunk, hiszen alapter\u00fclete 65 m\u00b2, 2+1 szob\u00e1s, \u00edgy ak\u00e1r t\u00e1gas csal\u00e1di otthonnak is alkalmas lehet. Ami\u00e9rt az egyik kedvenc\u00fcnk lett, az az, hogy a t\u00f6bb n\u00e9ha kevesebb elvet alkalmazva egy szell\u0151s, k\u00e9nyelmes \u00e9s laza otthont teremtettek kicsit skandin\u00e1v be\u00fct\u00e9ssel. Nincs t\u00falzs\u00fafolva felesleges, \u00f3ri\u00e1si b\u00fatorokkal, m\u00e9gis minden funkci\u00f3t megtal\u00e1lunk benne, amire sz\u00fcks\u00e9g lehet. J\u00f3 h\u00edr, hogy ak\u00e1r b\u00fatorokkal egy\u00fctt megv\u00e1s\u00e1rolhat\u00f3, \u00fagyhogy aki \u00edgy szeret bele, az szinte azonnal k\u00f6lt\u00f6zhet is!<\/p>\n<h2><span class=\"link-removed\" data-old-href=\"https:\/\/koltozzbe.hu\/elado-panellakas-kiskunhalas\/h8470987\">2 szob\u00e1s, fel\u00faj\u00edtott panellak\u00e1s Kiskunhalason<\/span><\/h2>\n<p style=\"text-align: center;\"><span class=\"link-removed\" data-old-href=\"https:\/\/koltozzbe.hu\/elado-panellakas-kiskunhalas\/h8470987\"><img loading=\"lazy\" class=\"alignnone size-full wp-image-1670\" src=\"https:\/\/koltozzbe.hu\/tartalom\/wp-content\/uploads\/2019\/10\/kiskunhalas-panellakas-felujitott.jpg\" alt=\"\" width=\"640\" height=\"480\" srcset=\"https:\/\/koltozzbe.hu\/tartalom\/wp-content\/uploads\/2019\/10\/kiskunhalas-panellakas-felujitott.jpg 640w, https:\/\/koltozzbe.hu\/tartalom\/wp-content\/uploads\/2019\/10\/kiskunhalas-panellakas-felujitott-300x225.jpg 300w\" sizes=\"(max-width: 640px) 100vw, 640px\" \/><\/span><\/p>\n<p>A vezet\u00e9kekt\u0151l a b\u00fatorokig minden az egys\u00e9ges \u00f6sszk\u00e9pet szem el\u0151tt tartva lett kiv\u00e1lasztva ebben a kiskunhalasi lak\u00e1sban. A feh\u00e9r \u00e9s a s\u00f6t\u00e9tbarna sz\u00edneket haszn\u00e1lt\u00e1k a falakon, a padl\u00f3 burkolat kiv\u00e1laszt\u00e1s\u00e1n\u00e1l \u00e9s a konyh\u00e1ban is. A konyha a kedvenc r\u00e9sz\u00fcnk a lak\u00e1sban, a k\u00e9t nagy ablak miatt nagyon vil\u00e1gos. Szuper \u00f6tlet volt a fali konyhaszekr\u00e9nyeket vil\u00e1gos sz\u00ednben v\u00e1lasztani, sokkal t\u00e1gasabbnak hat t\u0151le a helyis\u00e9g. A lak\u00e1s \u00e1ra 14,9 milli\u00f3 Ft.<\/p>\n<p>&nbsp;<\/p>\n<p>&nbsp;<\/p>\n","protected":false},"excerpt":{"rendered":"<p>Sok \u00e9rv sz\u00f3lhat a panellak\u00e1sok mellett: a j\u00f3 megk\u00f6zel\u00edthet\u0151s\u00e9g, az elsz\u00e1llt ingatlan\u00e1rak, szuper infrastrukt\u00fara&#8230; A panelek m\u00e1r egyre kev\u00e9sb\u00e9 kullognak a lista v\u00e9g\u00e9n, ha arr\u00f3l van sz\u00f3, hogy hova k\u00f6lt\u00f6zn\u00e9nek sz\u00edvesen az emberek. Ennek ellen\u00e9re sok leharcolt ingatlan van m\u00e9g a piacon, pedig egy okosan fel\u00faj\u00edtott panellak\u00e1s sok \u00e9letszakaszra ny\u00fajthat<\/p>\n","protected":false},"author":7,"featured_media":1667,"comment_status":"closed","ping_status":"closed","sticky":false,"template":"","format":"standard","meta":[],"categories":[1],"tags":[101,26,81,59,139,364,365,159,25],"_links":{"self":[{"href":"https:\/\/koltozzbe.hu\/tartalom\/wp-json\/wp\/v2\/posts\/1665"}],"collection":[{"href":"https:\/\/koltozzbe.hu\/tartalom\/wp-json\/wp\/v2\/posts"}],"about":[{"href":"https:\/\/koltozzbe.hu\/tartalom\/wp-json\/wp\/v2\/types\/post"}],"author":[{"embeddable":true,"href":"https:\/\/koltozzbe.hu\/tartalom\/wp-json\/wp\/v2\/users\/7"}],"replies":[{"embeddable":true,"href":"https:\/\/koltozzbe.hu\/tartalom\/wp-json\/wp\/v2\/comments?post=1665"}],"version-history":[{"count":2,"href":"https:\/\/koltozzbe.hu\/tartalom\/wp-json\/wp\/v2\/posts\/1665\/revisions"}],"predecessor-version":[{"id":1687,"href":"https:\/\/koltozzbe.hu\/tartalom\/wp-json\/wp\/v2\/posts\/1665\/revisions\/1687"}],"wp:featuredmedia":[{"embeddable":true,"href":"https:\/\/koltozzbe.hu\/tartalom\/wp-json\/wp\/v2\/media\/1667"}],"wp:attachment":[{"href":"https:\/\/koltozzbe.hu\/tartalom\/wp-json\/wp\/v2\/media?parent=1665"}],"wp:term":[{"taxonomy":"category","embeddable":true,"href":"https:\/\/koltozzbe.hu\/tartalom\/wp-json\/wp\/v2\/categories?post=1665"},{"taxonomy":"post_tag","embeddable":true,"href":"https:\/\/koltozzbe.hu\/tartalom\/wp-json\/wp\/v2\/tags?post=1665"}],"curies":[{"name":"wp","href":"https:\/\/api.w.org\/{rel}","templated":true}]}}