{"id":1621,"date":"2019-09-26T10:04:11","date_gmt":"2019-09-26T08:04:11","guid":{"rendered":"http:\/\/koltozzbe.hu\/tartalom\/?p=1621"},"modified":"2019-10-15T16:17:33","modified_gmt":"2019-10-15T14:17:33","slug":"pazar-loft-lakas-egy-ujjaszuletett-malomban","status":"publish","type":"post","link":"https:\/\/koltozzbe.hu\/tartalom\/pazar-loft-lakas-egy-ujjaszuletett-malomban\/","title":{"rendered":"Pazar loft lak\u00e1s egy \u00fajj\u00e1sz\u00fcletett malomban"},"content":{"rendered":"<p>Mai cikk\u00fcnkben egy k\u00fcl\u00f6nleges lak\u00e1st mutatunk be. K\u00fcl\u00f6nlegess\u00e9ge nem csak a bels\u0151 kialak\u00edt\u00e1s\u00e1ban rejlik (pedig az is mes\u00e9s, nemsok\u00e1ra kider\u00fcl, mi\u00e9rt!), hanem az \u00e9p\u00fcletben is, ahol helyet kapott.<\/p>\n<p><a href=\"https:\/\/koltozzbe.hu\/elado-teglalakas-budapest-ix-kerulet\/h8271059\"><img loading=\"lazy\" class=\"wp-image-1624 aligncenter\" src=\"https:\/\/koltozzbe.hu\/tartalom\/wp-content\/uploads\/2019\/09\/loft-lakas-malom-gizella-9.-epulet.jpg\" alt=\"\" width=\"513\" height=\"513\" srcset=\"https:\/\/koltozzbe.hu\/tartalom\/wp-content\/uploads\/2019\/09\/loft-lakas-malom-gizella-9.-epulet.jpg 720w, https:\/\/koltozzbe.hu\/tartalom\/wp-content\/uploads\/2019\/09\/loft-lakas-malom-gizella-9.-epulet-150x150.jpg 150w, https:\/\/koltozzbe.hu\/tartalom\/wp-content\/uploads\/2019\/09\/loft-lakas-malom-gizella-9.-epulet-300x300.jpg 300w\" sizes=\"(max-width: 513px) 100vw, 513px\" \/><\/a><\/p>\n<p>Ez az ingatlan a IX. ker\u00fcletben, a Gizella Loft t\u00e1rsash\u00e1zban tal\u00e1lhat\u00f3. Az \u00e9p\u00fclet eredetileg g\u0151zmalom volt, egy a XIX. sz\u00e1zad v\u00e9g\u00e9n \u00e9p\u00fclt 13 g\u0151zmalom k\u00f6z\u00fcl. Mi is az a g\u0151zmalom? A hagyom\u00e1nyos sz\u00e9lmalmokhoz k\u00e9pest a k\u00fcl\u00f6nbs\u00e9g mind\u00f6ssze annyi, hogy ezekben egy g\u0151zg\u00e9pet haszn\u00e1ltak a malomker\u00e9k hajt\u00e1s\u00e1ra.<\/p>\n<p>A Gizella malom 1880-ban \u00e9p\u00fclt \u00e9s 1963-ig m\u0171k\u00f6d\u00f6tt is. Mai form\u00e1j\u00e1t 2010-ben \u00e9rte el, amikor a k\u00fcls\u0151 falak \u00e9s a karakter megtart\u00e1sa mellett lak\u00e1sokat alak\u00edtottak ki benne. Hogy mennyire izgalmas v\u00e9geredm\u00e9ny sz\u00fclethet egy ilyen projektb\u0151l, azt most ezen a majdnem 150 m<sup>2<\/sup>-es lak\u00f3ter\u00fclet\u0171 lak\u00e1son kereszt\u00fcl mutatjuk be. A v\u00e9geredm\u00e9ny olyan j\u00f3l siker\u00fclt, hogy m\u00e9g az Index szerkeszt\u0151s\u00e9g\u00e9nek figyelm\u00e9t is felkeltette, megjelent r\u00f3la <a href=\"https:\/\/index.hu\/mindekozben\/poszt\/2019\/09\/23\/egy_csomo_szep_gyarepuletet_romboltunk_le_budapesten_pedig_ma_szazmillios_lakasokat_kinalnak_bennuk\/\">egy r\u00f6vid cikk<\/a> a napokban.<\/p>\n<p>Az ingatlan k\u00e9ts\u00e9g k\u00edv\u00fcl luxus felszerelts\u00e9g\u0171, de m\u00e9gsem hivalkod\u00f3, hiszen j\u00f3 \u00edzl\u00e9ssel kevert\u00e9k az eredeti t\u00e9glafal hangulat\u00e1t indusztri\u00e1lis b\u00fatorokkal, egyedi kieg\u00e9sz\u00edt\u0151kkel \u00e9s kellemes sz\u00ednekkel.<\/p>\n<p><a href=\"https:\/\/koltozzbe.hu\/elado-teglalakas-budapest-ix-kerulet\/h8271059\"><img loading=\"lazy\" class=\"alignnone size-full wp-image-1626\" src=\"https:\/\/koltozzbe.hu\/tartalom\/wp-content\/uploads\/2019\/09\/loft-lakas-malom-gizella-9.-kerulet.jpg\" alt=\"\" width=\"1920\" height=\"1282\" srcset=\"https:\/\/koltozzbe.hu\/tartalom\/wp-content\/uploads\/2019\/09\/loft-lakas-malom-gizella-9.-kerulet.jpg 1920w, https:\/\/koltozzbe.hu\/tartalom\/wp-content\/uploads\/2019\/09\/loft-lakas-malom-gizella-9.-kerulet-300x200.jpg 300w, https:\/\/koltozzbe.hu\/tartalom\/wp-content\/uploads\/2019\/09\/loft-lakas-malom-gizella-9.-kerulet-768x513.jpg 768w, https:\/\/koltozzbe.hu\/tartalom\/wp-content\/uploads\/2019\/09\/loft-lakas-malom-gizella-9.-kerulet-1024x684.jpg 1024w, https:\/\/koltozzbe.hu\/tartalom\/wp-content\/uploads\/2019\/09\/loft-lakas-malom-gizella-9.-kerulet-1170x781.jpg 1170w\" sizes=\"(max-width: 1920px) 100vw, 1920px\" \/><\/a><\/p>\n<p>A lak\u00e1s 2 h\u00e1l\u00f3szob\u00e1s \u00e9s 2 f\u00fcrd\u0151szob\u00e1s, a f\u0151 h\u00e1l\u00f3szob\u00e1hoz egy tekint\u00e9lyes m\u00e9ret\u0171 gardr\u00f3b is kapcsol\u00f3dik. Ebben a szob\u00e1ban is a sz\u00fcrk\u00e9s sz\u00ednek \u00e9s a fa domin\u00e1l, kieg\u00e9sz\u00fclve itt is az eredeti t\u00e9glafallal az egyik oldalon.<\/p>\n<p><a href=\"https:\/\/koltozzbe.hu\/elado-teglalakas-budapest-ix-kerulet\/h8271059\"><img loading=\"lazy\" class=\"alignnone size-full wp-image-1631\" src=\"https:\/\/koltozzbe.hu\/tartalom\/wp-content\/uploads\/2019\/09\/loft-lakas-malom-gizella-9.-kerulet-haloszoba.jpg\" alt=\"\" width=\"1920\" height=\"1282\" srcset=\"https:\/\/koltozzbe.hu\/tartalom\/wp-content\/uploads\/2019\/09\/loft-lakas-malom-gizella-9.-kerulet-haloszoba.jpg 1920w, https:\/\/koltozzbe.hu\/tartalom\/wp-content\/uploads\/2019\/09\/loft-lakas-malom-gizella-9.-kerulet-haloszoba-300x200.jpg 300w, https:\/\/koltozzbe.hu\/tartalom\/wp-content\/uploads\/2019\/09\/loft-lakas-malom-gizella-9.-kerulet-haloszoba-768x513.jpg 768w, https:\/\/koltozzbe.hu\/tartalom\/wp-content\/uploads\/2019\/09\/loft-lakas-malom-gizella-9.-kerulet-haloszoba-1024x684.jpg 1024w, https:\/\/koltozzbe.hu\/tartalom\/wp-content\/uploads\/2019\/09\/loft-lakas-malom-gizella-9.-kerulet-haloszoba-1170x781.jpg 1170w\" sizes=\"(max-width: 1920px) 100vw, 1920px\" \/><\/a><\/p>\n<p><a href=\"https:\/\/koltozzbe.hu\/elado-teglalakas-budapest-ix-kerulet\/h8271059\"><img loading=\"lazy\" class=\"alignnone size-full wp-image-1627\" src=\"https:\/\/koltozzbe.hu\/tartalom\/wp-content\/uploads\/2019\/09\/loft-lakas-malom-gizella-9.-kerulet-furdoszoba.jpg\" alt=\"\" width=\"1282\" height=\"1920\" srcset=\"https:\/\/koltozzbe.hu\/tartalom\/wp-content\/uploads\/2019\/09\/loft-lakas-malom-gizella-9.-kerulet-furdoszoba.jpg 1282w, https:\/\/koltozzbe.hu\/tartalom\/wp-content\/uploads\/2019\/09\/loft-lakas-malom-gizella-9.-kerulet-furdoszoba-200x300.jpg 200w, https:\/\/koltozzbe.hu\/tartalom\/wp-content\/uploads\/2019\/09\/loft-lakas-malom-gizella-9.-kerulet-furdoszoba-768x1150.jpg 768w, https:\/\/koltozzbe.hu\/tartalom\/wp-content\/uploads\/2019\/09\/loft-lakas-malom-gizella-9.-kerulet-furdoszoba-684x1024.jpg 684w, https:\/\/koltozzbe.hu\/tartalom\/wp-content\/uploads\/2019\/09\/loft-lakas-malom-gizella-9.-kerulet-furdoszoba-1170x1752.jpg 1170w\" sizes=\"(max-width: 1282px) 100vw, 1282px\" \/><\/a><\/p>\n<p>A lak\u00e1s k\u00f6zpontja a hatalmas m\u00e9ret\u0171 (majdnem 80 m<sup>2<\/sup>-es), nyitott \u00e9s napf\u00e9nyes amerikai konyh\u00e1s nappali \u00e9s a hozz\u00e1 tartoz\u00f3 8 szem\u00e9lyes \u00e9tkez\u0151. A nappalib\u00f3l egy 25 m<sup>2<\/sup>-es teraszra l\u00e9phet\u00fcnk ki.<\/p>\n<p><a href=\"https:\/\/koltozzbe.hu\/elado-teglalakas-budapest-ix-kerulet\/h8271059\"><img loading=\"lazy\" class=\"alignnone size-full wp-image-1628\" src=\"https:\/\/koltozzbe.hu\/tartalom\/wp-content\/uploads\/2019\/09\/loft-lakas-malom-gizella-9.-kerulet-terasz.jpg\" alt=\"\" width=\"1280\" height=\"1920\" srcset=\"https:\/\/koltozzbe.hu\/tartalom\/wp-content\/uploads\/2019\/09\/loft-lakas-malom-gizella-9.-kerulet-terasz.jpg 1280w, https:\/\/koltozzbe.hu\/tartalom\/wp-content\/uploads\/2019\/09\/loft-lakas-malom-gizella-9.-kerulet-terasz-200x300.jpg 200w, https:\/\/koltozzbe.hu\/tartalom\/wp-content\/uploads\/2019\/09\/loft-lakas-malom-gizella-9.-kerulet-terasz-768x1152.jpg 768w, https:\/\/koltozzbe.hu\/tartalom\/wp-content\/uploads\/2019\/09\/loft-lakas-malom-gizella-9.-kerulet-terasz-683x1024.jpg 683w, https:\/\/koltozzbe.hu\/tartalom\/wp-content\/uploads\/2019\/09\/loft-lakas-malom-gizella-9.-kerulet-terasz-1170x1755.jpg 1170w\" sizes=\"(max-width: 1280px) 100vw, 1280px\" \/><\/a><\/p>\n<p>A konyha teljesen be\u00e9p\u00edtett, a matt fekete frontok komors\u00e1g\u00e1t fa r\u00e9szletekkel oldott\u00e1k fel, \u00edgy az \u00f6sszhat\u00e1s modern \u00e9s letisztult lett. A konyhasziget a mi kedvenc\u00fcnk, innen f\u0151z\u00e9s k\u00f6zben is bel\u00e1tni az eg\u00e9sz teret.<\/p>\n<p><a href=\"https:\/\/koltozzbe.hu\/elado-teglalakas-budapest-ix-kerulet\/h8271059\"><img loading=\"lazy\" class=\"alignnone size-full wp-image-1629\" src=\"https:\/\/koltozzbe.hu\/tartalom\/wp-content\/uploads\/2019\/09\/loft-lakas-malom-gizella-9.-kerulet-konyha-2.jpg\" alt=\"\" width=\"1920\" height=\"1282\" srcset=\"https:\/\/koltozzbe.hu\/tartalom\/wp-content\/uploads\/2019\/09\/loft-lakas-malom-gizella-9.-kerulet-konyha-2.jpg 1920w, https:\/\/koltozzbe.hu\/tartalom\/wp-content\/uploads\/2019\/09\/loft-lakas-malom-gizella-9.-kerulet-konyha-2-300x200.jpg 300w, https:\/\/koltozzbe.hu\/tartalom\/wp-content\/uploads\/2019\/09\/loft-lakas-malom-gizella-9.-kerulet-konyha-2-768x513.jpg 768w, https:\/\/koltozzbe.hu\/tartalom\/wp-content\/uploads\/2019\/09\/loft-lakas-malom-gizella-9.-kerulet-konyha-2-1024x684.jpg 1024w, https:\/\/koltozzbe.hu\/tartalom\/wp-content\/uploads\/2019\/09\/loft-lakas-malom-gizella-9.-kerulet-konyha-2-1170x781.jpg 1170w\" sizes=\"(max-width: 1920px) 100vw, 1920px\" \/><\/a><\/p>\n<p>A k\u00f6z\u00f6s t\u00e9r t\u00f6bbi r\u00e9sze k\u00e9nyelmes, t\u00e1gas, b\u0151ven van helyen a bar\u00e1tok \u00e9s a csal\u00e1d fogad\u00e1s\u00e1ra. A lak\u00e1s a teljes b\u00fatorzattal egy\u00fctt elad\u00f3, \u00edgy aki beleszeret a k\u00fcl\u00f6nleges kieg\u00e9sz\u00edt\u0151kbe, festm\u00e9nyekbe, annak k\u00f6nny\u0171 dolga lesz.<\/p>\n<p>Tov\u00e1bbi r\u00e9szletek\u00e9rt \u00e9s m\u00e9g t\u00f6bb gy\u00f6ny\u00f6r\u0171 k\u00e9p\u00e9rt <a href=\"https:\/\/koltozzbe.hu\/elado-teglalakas-budapest-ix-kerulet\/h8271059\">kattints ide<\/a>.<\/p>\n","protected":false},"excerpt":{"rendered":"<p>Mai cikk\u00fcnkben egy k\u00fcl\u00f6nleges lak\u00e1st mutatunk be. K\u00fcl\u00f6nlegess\u00e9ge nem csak a bels\u0151 kialak\u00edt\u00e1s\u00e1ban rejlik (pedig az is mes\u00e9s, nemsok\u00e1ra kider\u00fcl, mi\u00e9rt!), hanem az \u00e9p\u00fcletben is, ahol helyet kapott. Ez az ingatlan a IX. ker\u00fcletben, a Gizella Loft t\u00e1rsash\u00e1zban tal\u00e1lhat\u00f3. Az \u00e9p\u00fclet eredetileg g\u0151zmalom volt, egy a XIX. sz\u00e1zad v\u00e9g\u00e9n \u00e9p\u00fclt<\/p>\n","protected":false},"author":7,"featured_media":1622,"comment_status":"closed","ping_status":"closed","sticky":false,"template":"","format":"standard","meta":[],"categories":[1],"tags":[34,139,198,5,359,146,294],"_links":{"self":[{"href":"https:\/\/koltozzbe.hu\/tartalom\/wp-json\/wp\/v2\/posts\/1621"}],"collection":[{"href":"https:\/\/koltozzbe.hu\/tartalom\/wp-json\/wp\/v2\/posts"}],"about":[{"href":"https:\/\/koltozzbe.hu\/tartalom\/wp-json\/wp\/v2\/types\/post"}],"author":[{"embeddable":true,"href":"https:\/\/koltozzbe.hu\/tartalom\/wp-json\/wp\/v2\/users\/7"}],"replies":[{"embeddable":true,"href":"https:\/\/koltozzbe.hu\/tartalom\/wp-json\/wp\/v2\/comments?post=1621"}],"version-history":[{"count":3,"href":"https:\/\/koltozzbe.hu\/tartalom\/wp-json\/wp\/v2\/posts\/1621\/revisions"}],"predecessor-version":[{"id":1632,"href":"https:\/\/koltozzbe.hu\/tartalom\/wp-json\/wp\/v2\/posts\/1621\/revisions\/1632"}],"wp:featuredmedia":[{"embeddable":true,"href":"https:\/\/koltozzbe.hu\/tartalom\/wp-json\/wp\/v2\/media\/1622"}],"wp:attachment":[{"href":"https:\/\/koltozzbe.hu\/tartalom\/wp-json\/wp\/v2\/media?parent=1621"}],"wp:term":[{"taxonomy":"category","embeddable":true,"href":"https:\/\/koltozzbe.hu\/tartalom\/wp-json\/wp\/v2\/categories?post=1621"},{"taxonomy":"post_tag","embeddable":true,"href":"https:\/\/koltozzbe.hu\/tartalom\/wp-json\/wp\/v2\/tags?post=1621"}],"curies":[{"name":"wp","href":"https:\/\/api.w.org\/{rel}","templated":true}]}}