{"id":1537,"date":"2019-08-19T19:16:29","date_gmt":"2019-08-19T17:16:29","guid":{"rendered":"http:\/\/koltozzbe.hu\/tartalom\/?p=1537"},"modified":"2019-10-18T10:14:14","modified_gmt":"2019-10-18T08:14:14","slug":"fokuszban-a-gerendak","status":"publish","type":"post","link":"https:\/\/koltozzbe.hu\/tartalom\/fokuszban-a-gerendak\/","title":{"rendered":"F\u00f3kuszban a gerend\u00e1k"},"content":{"rendered":"<p>R\u00e9gebbi \u00e9p\u00fcletekben a fa gerenda mennyezetnek els\u0151sorban funkcion\u00e1lis haszna volt, ez tartotta a f\u00f6d\u00e9met. Nem lehet elmenni azonban amellett, hogy ha szabadon hagyjuk \u0151ket, akkor k\u00fcl\u00f6nleges hangulatot adhatnak a helyis\u00e9gnek. Szerencs\u00e9re a f\u0151k\u00e9nt vid\u00e9kies h\u00e1zak \u00e9s paraszth\u00e1zak hangulat\u00e1hoz nagyon passzol, \u00edgy sok fel\u00faj\u00edtott h\u00e1zban kapnak szerepet, de az sem ritka, hogy \u00faj\u00e9p\u00edt\u00e9s\u0171 h\u00e1zakban m\u00e1r eleve \u00fagy alak\u00edtj\u00e1k a mennyezetet, hogy l\u00e1tsz\u00f3djanak a gy\u00f6ny\u00f6r\u0171 gerend\u00e1k.<\/p>\n<p>Amit a tervez\u00e9sn\u00e9l mindenk\u00e9ppen szem el\u0151tt kell tartanunk, az az, hogy illeszkedjen a h\u00e1z \u00e9s az adott helyis\u00e9g \u00f6sszk\u00e9p\u00e9hez. Nem felt\u00e9tlen\u00fcl k\u00f6telez\u0151 barna sz\u00edn\u0171en hagyni a gerend\u00e1kat, egy kisebb t\u00e9rben, vagy ahol nem olyan nagy a belmagass\u00e1g, ott ak\u00e1r feh\u00e9rre is festhetj\u00fck, ha az illik a t\u00f6bbi b\u00fatorhoz. Fontos az is, hogy megfelel\u0151 t\u00edpus\u00fa fest\u00e9kkel kezelj\u00fck, hogy megel\u0151zz\u00fck az \u00f6reged\u00e9st \u00e9s t\u00e1vol tartsuk a k\u00e1rtev\u0151ket.<\/p>\n<p>Inspir\u00e1ci\u00f3nak v\u00e1logattunk n\u00e9h\u00e1ny elad\u00f3 h\u00e1zat a <a href=\"https:\/\/koltozzbe.hu\/\">k\u00f6lt\u00f6zzbe.hu<\/a>\u00a0oldal\u00e1r\u00f3l, ahol a gerend\u00e1k ker\u00fcltek f\u00f3kuszba.<\/p>\n<h2><span class=\"link-removed\" data-old-href=\"https:\/\/koltozzbe.hu\/elado-csaladi_haz-keszthely\/h8324010\">Keszthelyi t\u00f6bbgener\u00e1ci\u00f3s csal\u00e1di h\u00e1z<\/span><\/h2>\n<p><span class=\"link-removed\" data-old-href=\"https:\/\/koltozzbe.hu\/elado-csaladi_haz-keszthely\/h8324010\"><img loading=\"lazy\" class=\"size-full wp-image-1538 aligncenter\" src=\"https:\/\/koltozzbe.hu\/tartalom\/wp-content\/uploads\/2019\/08\/elado-csaladi-haz-paraszthaz-Keszthely-gerenda.jpg\" alt=\"\" width=\"640\" height=\"480\" srcset=\"https:\/\/koltozzbe.hu\/tartalom\/wp-content\/uploads\/2019\/08\/elado-csaladi-haz-paraszthaz-Keszthely-gerenda.jpg 640w, https:\/\/koltozzbe.hu\/tartalom\/wp-content\/uploads\/2019\/08\/elado-csaladi-haz-paraszthaz-Keszthely-gerenda-300x225.jpg 300w\" sizes=\"(max-width: 640px) 100vw, 640px\" \/><\/span><\/p>\n<p>Els\u0151 tal\u00e1latunk ez a minden r\u00e9szlet\u00e9ben a r\u00e9gi paraszth\u00e1zak hangulat\u00e1t hoz\u00f3 csal\u00e1di h\u00e1z Keszthelyen. Itt a hagyom\u00e1nyos st\u00edlus \u00e9s az ennek megfelel\u0151 sz\u00ednek domin\u00e1lnak, a gerend\u00e1k sz\u00e9p meleg barna sz\u00ednt kaptak, a b\u00fatorok t\u00f6bbs\u00e9ge is ehhez igazodik. M\u00e9g a hatalmas cser\u00e9pk\u00e1lyha is hasonl\u00f3 sz\u00ednt kapott, a feh\u00e9r falak pedig csak m\u00e9g jobban kiemelik a fa r\u00e9szletek sz\u00e9ps\u00e9g\u00e9t. A h\u00e1z emelet\u00e9n h\u00e1rom h\u00e1l\u00f3szoba tal\u00e1lhat\u00f3, kett\u0151h\u00f6z fantasztikus panor\u00e1m\u00e1s terasz is csatlakozik.<\/p>\n<h2><span class=\"link-removed\" data-old-href=\"https:\/\/koltozzbe.hu\/elado-nyaralo-abrahamhegy\/h8319445\">Elad\u00f3 nyaral\u00f3 \u00c1brah\u00e1mhegyen<\/span><\/h2>\n<p><span class=\"link-removed\" data-old-href=\"https:\/\/koltozzbe.hu\/elado-nyaralo-abrahamhegy\/h8319445\"><img loading=\"lazy\" class=\"size-full wp-image-1539 aligncenter\" src=\"https:\/\/koltozzbe.hu\/tartalom\/wp-content\/uploads\/2019\/08\/elado-nyaralo-Abrahamhegy-gerendas.jpg\" alt=\"\" width=\"640\" height=\"480\" srcset=\"https:\/\/koltozzbe.hu\/tartalom\/wp-content\/uploads\/2019\/08\/elado-nyaralo-Abrahamhegy-gerendas.jpg 640w, https:\/\/koltozzbe.hu\/tartalom\/wp-content\/uploads\/2019\/08\/elado-nyaralo-Abrahamhegy-gerendas-300x225.jpg 300w\" sizes=\"(max-width: 640px) 100vw, 640px\" \/><\/span><\/p>\n<p>M\u00e9g mindig a Balatonn\u00e1l vagyunk, errefel\u00e9 sok r\u00e9gi st\u00edlus\u00fa, fel\u00faj\u00edtott h\u00e1z \u00e9s nyaral\u00f3 tal\u00e1lhat\u00f3. Ezt az ingatlant \u00c1brah\u00e1mhegyen hirdetik, \u00f6r\u00f6kpanor\u00e1m\u00e1s nyaral\u00f3, ami kor\u00e1bban pr\u00e9sh\u00e1z volt. Bel\u00fclr\u0151l teljesen fel\u00faj\u00edtott, megtartva a hangulathoz sz\u00fcks\u00e9ges jegyeket. Nem csak a gerend\u00e1kat l\u00e1thatjuk a mennyezeten, a plafon teljes fel\u00fclete f\u00e1val bor\u00edtott, a ny\u00edl\u00e1sz\u00e1r\u00f3k \u00e9s a b\u00fatorok legnagyobb r\u00e9sze is term\u00e9szetes fa sz\u00edn\u0171. A nappali k\u00f6zpontj\u00e1t a csod\u00e1s z\u00f6ld csemp\u00e9s cser\u00e9pk\u00e1lyha adja.<\/p>\n<h2><span class=\"link-removed\" data-old-href=\"https:\/\/koltozzbe.hu\/elado-csaladi_haz-ocsa\/h8401345\">R\u00f6nkh\u00e1z \u00d3cs\u00e1n a term\u00e9szethez k\u00f6zel<\/span><\/h2>\n<p style=\"text-align: center;\"><span class=\"link-removed\" data-old-href=\"https:\/\/koltozzbe.hu\/elado-csaladi_haz-ocsa\/h8401345\"><img loading=\"lazy\" class=\"alignnone size-full wp-image-1540\" src=\"https:\/\/koltozzbe.hu\/tartalom\/wp-content\/uploads\/2019\/08\/elado-csaladi-haz-Ocsa-gerenda-fahaz.jpg\" alt=\"\" width=\"640\" height=\"480\" srcset=\"https:\/\/koltozzbe.hu\/tartalom\/wp-content\/uploads\/2019\/08\/elado-csaladi-haz-Ocsa-gerenda-fahaz.jpg 640w, https:\/\/koltozzbe.hu\/tartalom\/wp-content\/uploads\/2019\/08\/elado-csaladi-haz-Ocsa-gerenda-fahaz-300x225.jpg 300w\" sizes=\"(max-width: 640px) 100vw, 640px\" \/><\/span><\/p>\n<p>Igazi k\u00fcl\u00f6nlegess\u00e9g ez az elad\u00f3 h\u00e1z \u00d3cs\u00e1n, mivel nem csak a bels\u0151 tereket uralj\u00e1k a mennyezeti gerend\u00e1k, hanem az eg\u00e9sz h\u00e1z r\u00f6nkb\u0151l \u00e9s gerend\u00e1b\u00f3l \u00e9p\u00fclt nem is olyan r\u00e9g, 2012-ben. A fantasztikus bels\u0151 t\u00e9r (kedvenc\u00fcnk a gal\u00e9ri\u00e1s k\u00f6z\u00f6ss\u00e9gi t\u00e9r) mellett minden modern k\u00e9nyelmi extr\u00e1val felszerelt a h\u00e1z, mint p\u00e9ld\u00e1ul\u00a0padl\u00f3f\u0171t\u00e9s \u00e9s falf\u0171t\u00e9s, de van kandall\u00f3 is, napkollektorokat is szereltek fel,valamint k\u00e9t\u00e1ll\u00e1sos pince gar\u00e1zs, fedett terasz, elektromos gar\u00e1zs \u00e9s kapu is van.<\/p>\n<h2><span class=\"link-removed\" data-old-href=\"https:\/\/koltozzbe.hu\/elado-csaladi_haz-velence\/h8324997\">Makovecz h\u00e1z a Velencei-t\u00f3n\u00e1l<\/span><\/h2>\n<p><span class=\"link-removed\" data-old-href=\"https:\/\/koltozzbe.hu\/elado-csaladi_haz-velence\/h8324997\"><img loading=\"lazy\" class=\"size-full wp-image-1541 aligncenter\" src=\"https:\/\/koltozzbe.hu\/tartalom\/wp-content\/uploads\/2019\/08\/elado-haz-Makovecz-Velencei-to-gerenda.jpg\" alt=\"\" width=\"640\" height=\"436\" srcset=\"https:\/\/koltozzbe.hu\/tartalom\/wp-content\/uploads\/2019\/08\/elado-haz-Makovecz-Velencei-to-gerenda.jpg 640w, https:\/\/koltozzbe.hu\/tartalom\/wp-content\/uploads\/2019\/08\/elado-haz-Makovecz-Velencei-to-gerenda-300x204.jpg 300w\" sizes=\"(max-width: 640px) 100vw, 640px\" \/><\/span><\/p>\n<p>Ha gerend\u00e1s h\u00e1zakr\u00f3l van sz\u00f3, nem maradhat ki a v\u00e1logat\u00e1sb\u00f3l egy <a href=\"https:\/\/hu.wikipedia.org\/wiki\/Makovecz_Imre\">Makovecz<\/a> h\u00e1z. Ez a hatalmas, impoz\u00e1ns ingatlan Velenc\u00e9n, a korz\u00f3hoz k\u00f6zel tal\u00e1lhat\u00f3. M\u00e9reteib\u0151l ad\u00f3d\u00f3an ak\u00e1r nem csak csal\u00e1di h\u00e1znak alkalmas, de kiad\u00e1sra is alkalmas lehet. A k\u00e9pek alapj\u00e1n a gerend\u00e1s megold\u00e1s nem minden helyis\u00e9gben jelenik meg, de ahol igen, ott el\u00e9g hangs\u00falyos, mint a fenti k\u00e9pen tal\u00e1lhat\u00f3 h\u00e1l\u00f3szob\u00e1ban is.<\/p>\n","protected":false},"excerpt":{"rendered":"<p>R\u00e9gebbi \u00e9p\u00fcletekben a fa gerenda mennyezetnek els\u0151sorban funkcion\u00e1lis haszna volt, ez tartotta a f\u00f6d\u00e9met. Nem lehet elmenni azonban amellett, hogy ha szabadon hagyjuk \u0151ket, akkor k\u00fcl\u00f6nleges hangulatot adhatnak a helyis\u00e9gnek. Szerencs\u00e9re a f\u0151k\u00e9nt vid\u00e9kies h\u00e1zak \u00e9s paraszth\u00e1zak hangulat\u00e1hoz nagyon passzol, \u00edgy sok fel\u00faj\u00edtott h\u00e1zban kapnak szerepet, de az sem ritka,<\/p>\n","protected":false},"author":7,"featured_media":1539,"comment_status":"closed","ping_status":"closed","sticky":false,"template":"","format":"standard","meta":[],"categories":[1],"tags":[208,8,96,33,344,197,345],"_links":{"self":[{"href":"https:\/\/koltozzbe.hu\/tartalom\/wp-json\/wp\/v2\/posts\/1537"}],"collection":[{"href":"https:\/\/koltozzbe.hu\/tartalom\/wp-json\/wp\/v2\/posts"}],"about":[{"href":"https:\/\/koltozzbe.hu\/tartalom\/wp-json\/wp\/v2\/types\/post"}],"author":[{"embeddable":true,"href":"https:\/\/koltozzbe.hu\/tartalom\/wp-json\/wp\/v2\/users\/7"}],"replies":[{"embeddable":true,"href":"https:\/\/koltozzbe.hu\/tartalom\/wp-json\/wp\/v2\/comments?post=1537"}],"version-history":[{"count":4,"href":"https:\/\/koltozzbe.hu\/tartalom\/wp-json\/wp\/v2\/posts\/1537\/revisions"}],"predecessor-version":[{"id":1705,"href":"https:\/\/koltozzbe.hu\/tartalom\/wp-json\/wp\/v2\/posts\/1537\/revisions\/1705"}],"wp:featuredmedia":[{"embeddable":true,"href":"https:\/\/koltozzbe.hu\/tartalom\/wp-json\/wp\/v2\/media\/1539"}],"wp:attachment":[{"href":"https:\/\/koltozzbe.hu\/tartalom\/wp-json\/wp\/v2\/media?parent=1537"}],"wp:term":[{"taxonomy":"category","embeddable":true,"href":"https:\/\/koltozzbe.hu\/tartalom\/wp-json\/wp\/v2\/categories?post=1537"},{"taxonomy":"post_tag","embeddable":true,"href":"https:\/\/koltozzbe.hu\/tartalom\/wp-json\/wp\/v2\/tags?post=1537"}],"curies":[{"name":"wp","href":"https:\/\/api.w.org\/{rel}","templated":true}]}}