{"id":1152,"date":"2019-03-30T14:19:54","date_gmt":"2019-03-30T12:19:54","guid":{"rendered":"http:\/\/koltozzbe.hu\/tartalom\/?p=1152"},"modified":"2019-03-30T14:20:39","modified_gmt":"2019-03-30T12:20:39","slug":"a-het-legkulonlegesebb-otthonai","status":"publish","type":"post","link":"https:\/\/koltozzbe.hu\/tartalom\/a-het-legkulonlegesebb-otthonai\/","title":{"rendered":"A h\u00e9t legk\u00fcl\u00f6nlegesebb otthonai"},"content":{"rendered":"<p><strong>Most az igazi otthonokra f\u00f3kusz\u00e1lunk, ahol \u00e9lm\u00e9ny a szabadid\u0151nket elt\u00f6lteni. Heti v\u00e1logat\u00e1s <a href=\"https:\/\/koltozzbe.hu\/tartalom\/a-het-legszebb-ingatlanjai-4\/\">rovatunkban<\/a> megmutatjuk nektek az aktu\u00e1lis h\u00e9t legk\u00fcl\u00f6nlegesebb ingatlanjait. A budapesti ingatlanpiacon szebbn\u00e9l szebb lak\u00e1sokat tal\u00e1lhatunk, ezekb\u0151l v\u00e1logattunk egy \u00f6ssze\u00e1ll\u00edt\u00e1st. A legszebb ingatlanok k\u00f6z\u00e9 azok a lak\u00e1sok ker\u00fclhetnek, melyek hirdet\u00e9s\u00e9ben j\u00f3 min\u0151s\u00e9g\u0171 k\u00e9pek vannak felt\u00f6ltve, a berendez\u00e9se kreat\u00edv, leny\u0171g\u00f6z\u0151 hangulat\u00fa.<\/strong><\/p>\n<p>\u00cdme a h\u00e9t fantasztikus otthonai.<\/p>\n<p>A belv\u00e1ros sz\u00edv\u00e9ben remek elrendez\u00e9s\u0171 <span class=\"link-removed\" data-old-href=\"https:\/\/koltozzbe.hu\/elado-teglalakas-budapest-v-kerulet\/h8247167\">m\u00e1sodik emeleti vil\u00e1gos lak\u00e1s elad\u00f3<\/span> . A Bazilik\u00e1t\u00f3l p\u00e1r l\u00e9p\u00e9sre, sz\u00e9pen karbantartott, \u00e9p\u00fcletben tal\u00e1lhat\u00f3 az ingatlan. Az Andr\u00e1ssy \u00fat \u00e9s a Bajcsy Zsilinszky \u00fat ny\u00fczsg\u00e9s\u00e9t\u0151l, zaj\u00e1t\u00f3l elegend\u0151 t\u00e1vols\u00e1gra esik, hogy nyugodt, csendes otthont biztos\u00edtson, a belv\u00e1ros legeleg\u00e1nsabb r\u00e9sz\u00e9n.<\/p>\n<p><img loading=\"lazy\" class=\"alignnone size-full wp-image-1153 aligncenter\" src=\"https:\/\/koltozzbe.hu\/tartalom\/wp-content\/uploads\/2019\/03\/1.jpg\" alt=\"\" width=\"640\" height=\"427\" srcset=\"https:\/\/koltozzbe.hu\/tartalom\/wp-content\/uploads\/2019\/03\/1.jpg 640w, https:\/\/koltozzbe.hu\/tartalom\/wp-content\/uploads\/2019\/03\/1-300x200.jpg 300w\" sizes=\"(max-width: 640px) 100vw, 640px\" \/><\/p>\n<p>A 9. ker. J\u00f3zsef Attila lak\u00f3telepen elad\u00f3 egy teljesen fel\u00faj\u00edtott 66 nm-es 3 szob\u00e1s, \u0151szkomfortos, <span class=\"link-removed\" data-old-href=\"https:\/\/koltozzbe.hu\/elado-teglalakas-budapest-ix-kerulet\/h8247165\">erk\u00e9lyes emeleti lak\u00e1s<\/span>. Mindh\u00e1rom szob\u00e1ban vadonat\u00faj kl\u00edma berendez\u00e9s gondoskodik a kellemes h\u0151m\u00e9rs\u00e9kletr\u0151l. A ny\u00edl\u00e1sz\u00e1r\u00f3k cser\u00e9lve lettek, mindegyik red\u0151ny\u00f6s \u00e9s sz\u00fanyogh\u00e1l\u00f3s. A bej\u00e1rati ajt\u00f3 f\u00e9m biztons\u00e1gi ajt\u00f3ra lett kicser\u00e9lve. A konyha teljes m\u00e9rt\u00e9kben be\u00e9p\u00edtett \u00e9s g\u00e9pes\u00edtett vadonat\u00faj eszk\u00f6z\u00f6kkel rendelkezik. A belt\u00e9ri ajt\u00f3k min\u0151s\u00e9gi fa ajt\u00f3kra lettek cser\u00e9lve.<span class=\"link-removed\" data-old-href=\"https:\/\/koltozzbe.hu\/elado-teglalakas-budapest-ix-kerulet\/h8247165\"><img loading=\"lazy\" class=\"size-full wp-image-1154 aligncenter\" src=\"https:\/\/koltozzbe.hu\/tartalom\/wp-content\/uploads\/2019\/03\/34664bedaadc3f188dde51421cee17.jpg\" alt=\"\" width=\"640\" height=\"360\" srcset=\"https:\/\/koltozzbe.hu\/tartalom\/wp-content\/uploads\/2019\/03\/34664bedaadc3f188dde51421cee17.jpg 640w, https:\/\/koltozzbe.hu\/tartalom\/wp-content\/uploads\/2019\/03\/34664bedaadc3f188dde51421cee17-300x169.jpg 300w\" sizes=\"(max-width: 640px) 100vw, 640px\" \/><\/span><\/p>\n<p>Intim kertes, bels\u0151 medenc\u00e9s, napf\u00e9nyes csal\u00e1di h\u00e1z elad\u00f3 Hidegk\u00fati \u00fat bels\u0151 szakasz\u00e1n tal\u00e1lhat\u00f3 ez a kiv\u00e1l\u00f3 infrastrukt\u00fara melletti nagy telken t\u00f6bb gener\u00e1ci\u00f3 egy\u00fctt\u00e9l\u00e9s\u00e9re vagy t\u00f6bbc\u00e9l\u00fa haszn\u00e1latra alkalmas<span class=\"link-removed\" data-old-href=\"https:\/\/koltozzbe.hu\/elado-csaladi_haz-budapest-ii-kerulet\/h8247142\"> csal\u00e1di h\u00e1z<\/span>. Kertje minden ir\u00e1nyb\u00f3l d\u00fas \u00f6r\u00f6kz\u00f6ldekkel hat\u00e1rolt, 2 s\u00edk r\u00e9szb\u0151l \u00e1ll. Mind a h\u00e1z el\u0151tt mind a m\u00f6g\u00f6tte l\u00e9v\u0151 ter\u00fcleten j\u00f3l haszn\u00e1lhat\u00f3 kertr\u00e9szek tal\u00e1lhat\u00f3k.<\/p>\n<p><span class=\"link-removed\" data-old-href=\"https:\/\/koltozzbe.hu\/elado-csaladi_haz-budapest-ii-kerulet\/h8247142\"><img loading=\"lazy\" class=\"alignnone size-full wp-image-1155 aligncenter\" src=\"https:\/\/koltozzbe.hu\/tartalom\/wp-content\/uploads\/2019\/03\/29f48c1cab452bc661069f81d5a830.jpg\" alt=\"\" width=\"640\" height=\"427\" srcset=\"https:\/\/koltozzbe.hu\/tartalom\/wp-content\/uploads\/2019\/03\/29f48c1cab452bc661069f81d5a830.jpg 640w, https:\/\/koltozzbe.hu\/tartalom\/wp-content\/uploads\/2019\/03\/29f48c1cab452bc661069f81d5a830-300x200.jpg 300w\" sizes=\"(max-width: 640px) 100vw, 640px\" \/><\/span><\/p>\n<p>P\u00e9cs belv\u00e1ros\u00e1ban, Perczel Mikl\u00f3s utc\u00e1ban egy 60m2-es,1 h\u00e1l\u00f3+nappalis vezet\u00e9kig fel\u00faj\u00edtott,b\u00fatorozott,<span class=\"link-removed\" data-old-href=\"https:\/\/koltozzbe.hu\/elado-teglalakas-pecs\/h8247047\">g\u00e9pes\u00edtett lak\u00e1s elad\u00f3<\/span>. Sz\u00ednes, j\u00f3 hangulat\u00fa lak\u00e1s, melyben \u00e9lm\u00e9ny lehet lakni.<\/p>\n<p><span class=\"link-removed\" data-old-href=\"https:\/\/koltozzbe.hu\/elado-teglalakas-pecs\/h8247047\"><img loading=\"lazy\" class=\"alignnone size-full wp-image-1156 aligncenter\" src=\"https:\/\/koltozzbe.hu\/tartalom\/wp-content\/uploads\/2019\/03\/5603eeb051e85a0f81c7a540baf13d.jpg\" alt=\"\" width=\"640\" height=\"432\" srcset=\"https:\/\/koltozzbe.hu\/tartalom\/wp-content\/uploads\/2019\/03\/5603eeb051e85a0f81c7a540baf13d.jpg 640w, https:\/\/koltozzbe.hu\/tartalom\/wp-content\/uploads\/2019\/03\/5603eeb051e85a0f81c7a540baf13d-300x203.jpg 300w\" sizes=\"(max-width: 640px) 100vw, 640px\" \/><\/span><\/p>\n<p>Hangulatos otthon a XIV. ker\u00fcleti Als\u00f3r\u00e1kos csal\u00e1di h\u00e1zas \u00f6vezet\u00e9ben, csod\u00e1s 125 nm-es,<span class=\"link-removed\" data-old-href=\"https:\/\/koltozzbe.hu\/elado-teglalakas-budapest-xiv-kerulet\/h8247038\">4 szob\u00e1s bels\u0151 k\u00e9tszintes lak\u00e1s<\/span>, 11 nm erk\u00e9llyel ,gar\u00e1zzsal ,teljes k\u00f6r\u0171 m\u0171szaki \u00e9s eszt\u00e9tikai fel\u00faj\u00edt\u00e1son esett \u00e1t. Az amerikai konyha \u00e9s m\u00e1r kora reggelt\u0151l f\u00e9ny\u00e1rban \u00faszik, a szob\u00e1k l\u00e9gkondicion\u00e1ltak.<\/p>\n<p><span class=\"link-removed\" data-old-href=\"https:\/\/koltozzbe.hu\/elado-teglalakas-budapest-xiv-kerulet\/h8247038\"><img loading=\"lazy\" class=\"alignnone size-full wp-image-1157 aligncenter\" src=\"https:\/\/koltozzbe.hu\/tartalom\/wp-content\/uploads\/2019\/03\/c27f15f8da8676b0dfca210e891c68.jpg\" alt=\"\" width=\"633\" height=\"480\" srcset=\"https:\/\/koltozzbe.hu\/tartalom\/wp-content\/uploads\/2019\/03\/c27f15f8da8676b0dfca210e891c68.jpg 633w, https:\/\/koltozzbe.hu\/tartalom\/wp-content\/uploads\/2019\/03\/c27f15f8da8676b0dfca210e891c68-300x227.jpg 300w\" sizes=\"(max-width: 633px) 100vw, 633px\" \/><\/span><\/p>\n<p>Elad\u00f3 Sz\u00e9kesfeh\u00e9rv\u00e1ron a Horv\u00e1t Istv\u00e1n lak\u00f3telepen egy h\u00e1rom szob\u00e1s, j\u00f3 adotts\u00e1gokkal, t\u00e1gas terekkel rendelkez\u0151, <span class=\"link-removed\" data-old-href=\"https:\/\/koltozzbe.hu\/elado-teglalakas-szekesfehervar\/h8246977\">nett\u00f3 76 nm-es lak\u00e1s<\/span>. A lak\u00e1s amerikai konyh\u00e1s nappalival rendelkezik, a k\u00e9t szoba is j\u00f3 m\u00e9ret\u0171 az egyik m\u00e9g tov\u00e1bb oszthat\u00f3 is. A gardr\u00f3b, a f\u00fcrd\u0151szoba is, \u00e9s WC is megfelel\u0151 nagys\u00e1g\u00faak. A lak\u00e1s az 5. emeleten, a tet\u0151t\u00e9rben tal\u00e1lhat\u00f3.<\/p>\n<p><span class=\"link-removed\" data-old-href=\"https:\/\/koltozzbe.hu\/elado-teglalakas-szekesfehervar\/h8246977\"><img loading=\"lazy\" class=\"size-full wp-image-1158 aligncenter\" src=\"https:\/\/koltozzbe.hu\/tartalom\/wp-content\/uploads\/2019\/03\/eac8fbf8348c1898734b0802c19a3d.jpg\" alt=\"\" width=\"640\" height=\"427\" srcset=\"https:\/\/koltozzbe.hu\/tartalom\/wp-content\/uploads\/2019\/03\/eac8fbf8348c1898734b0802c19a3d.jpg 640w, https:\/\/koltozzbe.hu\/tartalom\/wp-content\/uploads\/2019\/03\/eac8fbf8348c1898734b0802c19a3d-300x200.jpg 300w\" sizes=\"(max-width: 640px) 100vw, 640px\" \/><\/span><\/p>\n<p>K\u00e9pek forr\u00e1sa: Shuttertock<\/p>\n","protected":false},"excerpt":{"rendered":"<p>Most az igazi otthonokra f\u00f3kusz\u00e1lunk, ahol \u00e9lm\u00e9ny a szabadid\u0151nket elt\u00f6lteni. Heti v\u00e1logat\u00e1s rovatunkban megmutatjuk nektek az aktu\u00e1lis h\u00e9t legk\u00fcl\u00f6nlegesebb ingatlanjait. A budapesti ingatlanpiacon szebbn\u00e9l szebb lak\u00e1sokat tal\u00e1lhatunk, ezekb\u0151l v\u00e1logattunk egy \u00f6ssze\u00e1ll\u00edt\u00e1st. A legszebb ingatlanok k\u00f6z\u00e9 azok a lak\u00e1sok ker\u00fclhetnek, melyek hirdet\u00e9s\u00e9ben j\u00f3 min\u0151s\u00e9g\u0171 k\u00e9pek vannak felt\u00f6ltve, a berendez\u00e9se kreat\u00edv, leny\u0171g\u00f6z\u0151<\/p>\n","protected":false},"author":3,"featured_media":1159,"comment_status":"closed","ping_status":"closed","sticky":false,"template":"","format":"standard","meta":[],"categories":[1],"tags":[250,31,18,129,2],"_links":{"self":[{"href":"https:\/\/koltozzbe.hu\/tartalom\/wp-json\/wp\/v2\/posts\/1152"}],"collection":[{"href":"https:\/\/koltozzbe.hu\/tartalom\/wp-json\/wp\/v2\/posts"}],"about":[{"href":"https:\/\/koltozzbe.hu\/tartalom\/wp-json\/wp\/v2\/types\/post"}],"author":[{"embeddable":true,"href":"https:\/\/koltozzbe.hu\/tartalom\/wp-json\/wp\/v2\/users\/3"}],"replies":[{"embeddable":true,"href":"https:\/\/koltozzbe.hu\/tartalom\/wp-json\/wp\/v2\/comments?post=1152"}],"version-history":[{"count":2,"href":"https:\/\/koltozzbe.hu\/tartalom\/wp-json\/wp\/v2\/posts\/1152\/revisions"}],"predecessor-version":[{"id":1161,"href":"https:\/\/koltozzbe.hu\/tartalom\/wp-json\/wp\/v2\/posts\/1152\/revisions\/1161"}],"wp:featuredmedia":[{"embeddable":true,"href":"https:\/\/koltozzbe.hu\/tartalom\/wp-json\/wp\/v2\/media\/1159"}],"wp:attachment":[{"href":"https:\/\/koltozzbe.hu\/tartalom\/wp-json\/wp\/v2\/media?parent=1152"}],"wp:term":[{"taxonomy":"category","embeddable":true,"href":"https:\/\/koltozzbe.hu\/tartalom\/wp-json\/wp\/v2\/categories?post=1152"},{"taxonomy":"post_tag","embeddable":true,"href":"https:\/\/koltozzbe.hu\/tartalom\/wp-json\/wp\/v2\/tags?post=1152"}],"curies":[{"name":"wp","href":"https:\/\/api.w.org\/{rel}","templated":true}]}}