{"id":1117,"date":"2019-03-24T11:44:26","date_gmt":"2019-03-24T09:44:26","guid":{"rendered":"http:\/\/koltozzbe.hu\/tartalom\/?p=1117"},"modified":"2019-03-24T15:08:13","modified_gmt":"2019-03-24T13:08:13","slug":"csempeszd-be-a-tavaszt-az-otthonodba","status":"publish","type":"post","link":"https:\/\/koltozzbe.hu\/tartalom\/csempeszd-be-a-tavaszt-az-otthonodba\/","title":{"rendered":"Csemp\u00e9szd be a tavaszt az otthonodba!"},"content":{"rendered":"<p>Ebben a m\u00e9g csak el\u0151-el\u0151b\u00faj\u00f3 tavaszban k\u00fcl\u00f6n\u00f6sen j\u00f3l esik, ha ak\u00e1r m\u00e1r az id\u0151j\u00e1r\u00e1st megel\u0151zve becsemp\u00e9ssz\u00fck a tavaszt az otthonunkba. \u00d6sszegy\u0171jt\u00f6tt\u00fcnk ez\u00e9rt n\u00e9h\u00e1ny egyszer\u0171 \u00e9s f\u0151k\u00e9nt p\u00e9nzt\u00e1rcabar\u00e1t \u00f6tletet, hogy hogyan is dobhatjuk fel a lak\u00e1sunkat a tavasz hangulat\u00e1val.<br \/>\nHa a tavaszi nagytakar\u00edt\u00e1son m\u00e1r t\u00fal vagyunk, de m\u00e9g mindig nem \u00e9rezz\u00fck \u00fagy, hogy a lak\u00e1s miden pontja felk\u00e9sz\u00fclt az \u00faj \u00e9vszakra, akkor hasznosak lehetnek e heti tippjeink.<\/p>\n<p><span style=\"text-decoration: underline;\">P\u00e1rn\u00e1k, textilek<\/span><\/p>\n<p>Az els\u0151 l\u00e9p\u00e9s mindenk\u00e9ppen az legyen, hogy ha voltak az \u0151szi-t\u00e9li szezonban sz\u0151rm\u00e9s, k\u00f6t\u00f6tt, kuck\u00f3z\u00f3s kieg\u00e9sz\u00edt\u0151ink, akkor azokat csomagoljuk el gyorsan, van egy p\u00e1r h\u00f3napjuk pihenni. Cser\u00e9lj\u00fck le a neh\u00e9z, meleg hat\u00e1s\u00fa dekor elemeket, mint p\u00e9ld\u00e1ul a p\u00e1rn\u00e1k \u00e9s takar\u00f3kat frissebb, \u00fcd\u00e9bb darabokra.<br \/>\nA nappaliban tegy\u00fcnk ki p\u00e1r pasztell sz\u00edn\u0171, ak\u00e1r vir\u00e1gos p\u00e1rn\u00e1t (k\u00f6lts\u00e9gtakar\u00e9kos tipp: ha szabv\u00e1ny m\u00e9ret\u0171 d\u00edszp\u00e1rn\u00e1ink vannak, akkor el\u00e9g csak a huzatokb\u00f3l beszerezni p\u00e1r vid\u00e1mabb darabot), az \u00e9tkez\u0151ben cser\u00e9lj\u00fck le a ter\u00edt\u0151t egy hasonl\u00f3 sz\u00edn\u0171re. Ezekkel \u00e9rdemes k\u00eds\u00e9rletezni, n\u00e9h\u00e1ny ezer Forint befektet\u00e9ssel er\u0151teljes v\u00e1ltoz\u00e1st \u00e9rhet\u00fcnk el b\u00e1rmelyik helyis\u00e9gben \u2013 ak\u00e1r olyan sz\u00edneket is kipr\u00f3b\u00e1lhatunk, amik els\u0151re mer\u00e9sznek t\u0171nnek. Kor\u00e1bbi cikk\u00fcnkben \u00f6sszeszedt\u00fck, hogy a 2019-es \u00e9vben mik lesznek a trendsz\u00ednek, a k\u00f6d\u00f6s k\u00e9k vagy a halv\u00e1ny r\u00f3zsasz\u00edn szuper tavaszi sz\u00edn, ezek haszn\u00e1lat\u00e1val nem csak vid\u00e1m lesz az otthonunk, hanem m\u00e9g trendi is!<br \/>\nNe felejts\u00fck \u00e1m el, hogy nem csak a sz\u00edn sz\u00e1m\u00edt, hanem az anyag is, a lennel, a k\u00f6nny\u0171 selyemmel, a v\u00e9konyabb textilekkel egyszer\u0171bben el\u00e9rhetj\u00fck a k\u00edv\u00e1nt hat\u00e1st.<br \/>\nEbben az alapvet\u0151en feh\u00e9r \u00e9s vil\u00e1gos sz\u00ednekkel berendezett nappaliban vid\u00e1m f\u00f3kuszpontot k\u00e9peznek a naps\u00e1rga p\u00e1rn\u00e1k:<\/p>\n<p><img loading=\"lazy\" class=\"wp-image-1119 aligncenter\" src=\"https:\/\/koltozzbe.hu\/tartalom\/wp-content\/uploads\/2019\/03\/Tavasz-lak\u00e1s-s\u00e1rga-p\u00e1rna.jpg\" alt=\"\" width=\"470\" height=\"588\" srcset=\"https:\/\/koltozzbe.hu\/tartalom\/wp-content\/uploads\/2019\/03\/Tavasz-lak\u00e1s-s\u00e1rga-p\u00e1rna.jpg 750w, https:\/\/koltozzbe.hu\/tartalom\/wp-content\/uploads\/2019\/03\/Tavasz-lak\u00e1s-s\u00e1rga-p\u00e1rna-240x300.jpg 240w\" sizes=\"(max-width: 470px) 100vw, 470px\" \/><\/p>\n<p>Aki b\u00e1trabb, vagy nagyobb v\u00e1ltoz\u00e1st szeretne, ak\u00e1r a f\u00fcgg\u00f6ny\u00f6k vagy a sz\u0151nyegek lecser\u00e9l\u00e9s\u00e9t is megteheti, a hat\u00e1s garant\u00e1ltan \u00e9szrevehet\u0151 lesz!<\/p>\n<p><u>N\u00f6v\u00e9nyek<\/u><\/p>\n<p>A vir\u00e1gok, a z\u00f6ld n\u00f6v\u00e9nyekn\u00e9l semmi sem hozza jobban a tavasz \u00e9rz\u00e9s\u00e9t. A m\u00e1r megl\u00e9v\u0151 szoban\u00f6v\u00e9nyeink mell\u00e9 b\u00e1tran tegy\u00fcnk n\u00e9h\u00e1ny tavasziasabbat. Ha szeretj\u00fck s\u0171r\u0171n v\u00e1ltoztatni a vir\u00e1g kompoz\u00edci\u00f3kat, akkor a v\u00e1gott vir\u00e1g lesz a bar\u00e1tunk, de ha k\u00f6rnyezetbar\u00e1tabb \u00e9s olcs\u00f3bb megold\u00e1st keres\u00fcnk, akkor ink\u00e1bb a cserepes n\u00f6v\u00e9nyeket \u00e9rdemes v\u00e1lasztani. Egy-k\u00e9t vid\u00e1m kasp\u00f3ban l\u00e9v\u0151 n\u00e1rcisz vagy kr\u00f3kusz biztosan feldobja a szoba hangulat\u00e1t, de a mi kedvenc\u00fcnk a j\u00e1cint, ami \u00e9l\u00e9nk sz\u00ednei mellett fantasztikus illat\u00e1val is elhozza a tavaszt az otthonunkba!<\/p>\n<p>Azoknak sem kell agg\u00f3dnia, akik nem mesterei a szoban\u00f6v\u00e9nyek gondoz\u00e1s\u00e1nak \u2013 szerencs\u00e9re nagyon sok c\u00e9g k\u00e9sz\u00edt m\u00e1r \u00e9leth\u0171, a szemnek is kellemes m\u0171vir\u00e1got, legyen sz\u00f3 ak\u00e1r z\u00f6ldekr\u0151l, ak\u00e1r vir\u00e1gos n\u00f6v\u00e9nyekr\u0151l. B\u00e1tran v\u00e1lasszunk k\u00f6z\u00fcl\u00fck!<\/p>\n<p><img loading=\"lazy\" class=\"size-full wp-image-1118 aligncenter\" src=\"https:\/\/koltozzbe.hu\/tartalom\/wp-content\/uploads\/2019\/03\/Tavasz-dekor-vir\u00e1g.jpg\" alt=\"\" width=\"564\" height=\"751\" srcset=\"https:\/\/koltozzbe.hu\/tartalom\/wp-content\/uploads\/2019\/03\/Tavasz-dekor-vir\u00e1g.jpg 564w, https:\/\/koltozzbe.hu\/tartalom\/wp-content\/uploads\/2019\/03\/Tavasz-dekor-vir\u00e1g-225x300.jpg 225w\" sizes=\"(max-width: 564px) 100vw, 564px\" \/><\/p>\n<p><u>Vi<\/u><u>l\u00e1g\u00edt\u00e1s<\/u><\/p>\n<p>M\u00e1r j\u00f3 n\u00e9h\u00e1ny lakberendez\u00e9ssel kapcsolatos cikk\u00fcnkben foglalkoztunk azzal, hogy mennyire fontos a megfelel\u0151 vil\u00e1g\u00edt\u00e1s az otthonunkban, pl\u00e1ne, ha itt-ott nincs elegend\u0151 term\u00e9szetes f\u00e9ny. Ha \u00fagy \u00e9rezz\u00fck, hogy vannak s\u00f6t\u00e9tebb r\u00e9szei a lak\u00e1sunknak, szerezz\u00fcnk be egy megfelel\u0151 m\u00e9ret\u0171 asztali vagy \u00e1ll\u00f3l\u00e1mp\u00e1t, a legjobb, ha valamilyen vid\u00e1m bur\u00e1t v\u00e1lasztunk hozz\u00e1. A s\u00f6t\u00e9t sarkok \u201etavaszos\u00edt\u00e1s\u00e1ra\u201d szuper\u00fcl alkalmazhat\u00f3ak a fentebb m\u00e1r eml\u00edtett m\u0171vir\u00e1gok, ezeken a helyeken \u00e9l\u0151 n\u00f6v\u00e9ny \u00fagysem maradna meg, de egy kis z\u00f6ld sz\u00ednnel feldobhatjuk.<\/p>\n<p><u>Illatok<\/u><\/p>\n<p>Ill\u00f3olajokat haszn\u00e1lni nem csak t\u00e9len \u00e9rdemes: cser\u00e9lj\u00fck le a narancsot \u00e9s a fah\u00e9jat k\u00f6nnyebb, vir\u00e1gos illatokra: van\u00edlia, levendula, r\u00f3zsa, ilang-ilang\u2026 Rengeteg a lehet\u0151s\u00e9g!<\/p>\n<p><u>Ha m\u00e9g ez is kev\u00e9s<\/u><\/p>\n<p>Vid\u00e1m p\u00e1rn\u00e1k, kellemes vir\u00e1gillat \u00e9s csupa z\u00f6ld n\u00f6v\u00e9ny a nappali, de m\u00e9g mindig nem el\u00e9g? Ha nagyobb v\u00e1ltoz\u00e1sra v\u00e1gyunk kis befektet\u00e9ssel, j\u00f3 tr\u00fckk lehet \u00e1trendezni az adott helyis\u00e9get. esetleg egy-k\u00e9t kisebb kieg\u00e9sz\u00edt\u0151 b\u00fatorral teljesen \u00e1tform\u00e1lhatjuk egy szoba hangulat\u00e1t.<\/p>\n<p>&nbsp;<\/p>\n<h6>K\u00e9pek forr\u00e1sa: queersupe.com; carlaaston.com; confessionsofanorthernbelle.com<\/h6>\n","protected":false},"excerpt":{"rendered":"<p>Ebben a m\u00e9g csak el\u0151-el\u0151b\u00faj\u00f3 tavaszban k\u00fcl\u00f6n\u00f6sen j\u00f3l esik, ha ak\u00e1r m\u00e1r az id\u0151j\u00e1r\u00e1st megel\u0151zve becsemp\u00e9ssz\u00fck a tavaszt az otthonunkba. \u00d6sszegy\u0171jt\u00f6tt\u00fcnk ez\u00e9rt n\u00e9h\u00e1ny egyszer\u0171 \u00e9s f\u0151k\u00e9nt p\u00e9nzt\u00e1rcabar\u00e1t \u00f6tletet, hogy hogyan is dobhatjuk fel a lak\u00e1sunkat a tavasz hangulat\u00e1val. Ha a tavaszi nagytakar\u00edt\u00e1son m\u00e1r t\u00fal vagyunk, de m\u00e9g mindig nem \u00e9rezz\u00fck<\/p>\n","protected":false},"author":7,"featured_media":1126,"comment_status":"closed","ping_status":"closed","sticky":false,"template":"","format":"standard","meta":[],"categories":[1],"tags":[3,272,171],"_links":{"self":[{"href":"https:\/\/koltozzbe.hu\/tartalom\/wp-json\/wp\/v2\/posts\/1117"}],"collection":[{"href":"https:\/\/koltozzbe.hu\/tartalom\/wp-json\/wp\/v2\/posts"}],"about":[{"href":"https:\/\/koltozzbe.hu\/tartalom\/wp-json\/wp\/v2\/types\/post"}],"author":[{"embeddable":true,"href":"https:\/\/koltozzbe.hu\/tartalom\/wp-json\/wp\/v2\/users\/7"}],"replies":[{"embeddable":true,"href":"https:\/\/koltozzbe.hu\/tartalom\/wp-json\/wp\/v2\/comments?post=1117"}],"version-history":[{"count":3,"href":"https:\/\/koltozzbe.hu\/tartalom\/wp-json\/wp\/v2\/posts\/1117\/revisions"}],"predecessor-version":[{"id":1128,"href":"https:\/\/koltozzbe.hu\/tartalom\/wp-json\/wp\/v2\/posts\/1117\/revisions\/1128"}],"wp:featuredmedia":[{"embeddable":true,"href":"https:\/\/koltozzbe.hu\/tartalom\/wp-json\/wp\/v2\/media\/1126"}],"wp:attachment":[{"href":"https:\/\/koltozzbe.hu\/tartalom\/wp-json\/wp\/v2\/media?parent=1117"}],"wp:term":[{"taxonomy":"category","embeddable":true,"href":"https:\/\/koltozzbe.hu\/tartalom\/wp-json\/wp\/v2\/categories?post=1117"},{"taxonomy":"post_tag","embeddable":true,"href":"https:\/\/koltozzbe.hu\/tartalom\/wp-json\/wp\/v2\/tags?post=1117"}],"curies":[{"name":"wp","href":"https:\/\/api.w.org\/{rel}","templated":true}]}}